{"id":112854,"date":"2019-08-30T12:41:08","date_gmt":"2019-08-30T15:41:08","guid":{"rendered":"http:\/\/www.caririemacao.com\/1\/?p=112854"},"modified":"2019-08-30T12:41:08","modified_gmt":"2019-08-30T15:41:08","slug":"festa-da-padroeira-do-cariri-comeca-nesta-sexta-e-promete-atrair-publico-recorde-em-toda-a-sua-programacao","status":"publish","type":"post","link":"https:\/\/www.caririemacao.com\/1\/2019\/08\/30\/festa-da-padroeira-do-cariri-comeca-nesta-sexta-e-promete-atrair-publico-recorde-em-toda-a-sua-programacao\/","title":{"rendered":"Festa da Padroeira do Cariri come\u00e7a nesta sexta e promete atrair p\u00fablico recorde em toda a sua programa\u00e7\u00e3o"},"content":{"rendered":"\n<p>A espera acabou! O povo cat\u00f3lico, fi\u00e9is e devotos de Nossa Senhora dos Milagres j\u00e1 est\u00e3o na grande expectativa para o in\u00edcio da tradicional Festa da Padroeira de Nossa Senhora dos Milagres, que \u00e9 realizada no in\u00edcio do m\u00eas de setembro em S\u00e3o Jo\u00e3o do Cariri e re\u00fane milhares de pessoas durante a sua programa\u00e7\u00e3o.<\/p>\n\n\n\n<div class=\"wp-block-image\"><figure class=\"alignright\"><img decoding=\"async\" data-src=\"http:\/\/deolhonocariri.com.br\/wp-content\/uploads\/2019\/08\/69267089_2385223821733578_2342220703605981184_n-600x428.jpg\" alt=\"\" class=\"wp-image-71083 lazyload\" src=\"data:image\/svg+xml;base64,PHN2ZyB3aWR0aD0iMSIgaGVpZ2h0PSIxIiB4bWxucz0iaHR0cDovL3d3dy53My5vcmcvMjAwMC9zdmciPjwvc3ZnPg==\" style=\"--smush-placeholder-width: 600px; --smush-placeholder-aspect-ratio: 600\/428;\" \/><\/figure><\/div>\n\n\n\n<p>A cidade \u2018M\u00e3e do Cariri\u2019 se prepara o ano todo para receber os in\u00fameros fieis cat\u00f3licos e devotos que tem a cidade de S\u00e3o Jo\u00e3o do Cariri como o principal destino do Estado, especialmente nas proximidades do dia 08 de setembro.<\/p>\n\n\n\n<p>Toda a cidade j\u00e1 est\u00e1 pronta, a come\u00e7ar do Santu\u00e1rio de Nossa Senhora dos Milagres, que passou por uma reforma na parte de revestimento e pintura de toda a Igreja, al\u00e9m das pra\u00e7as, canteiros, parque de divers\u00f5es e de todo o com\u00e9rcio da cidade, j\u00e1 aquecido com o aumento consider\u00e1vel nas vendas durante os \u00faltimos dias.<\/p>\n\n\n\n<p>Tradicionalmente a Festa da Padroeira de Nossa Senhora dos Milagres \u00e9 aberta oficialmente com a chegada da imagem de Nossa Senhora dos Milagres, que ap\u00f3s passar 30 dias peregrinando por toda a regi\u00e3o do Cariri paraibano, chega a sua \u2018Casa\u201d, trazida pelos seus \u2018filhos\u2019 da cidade de Serra Branca, em uma apote\u00f3tica carreata vinda da cidade.<\/p>\n\n\n\n<p>A Festa da Padroeira de Nossa Senhora dos Milagres neste ano comemora 269 de devo\u00e7\u00e3o e ter\u00e1 uma programa\u00e7\u00e3o diversificada com a realiza\u00e7\u00e3o de missas, prociss\u00e3o, eventos para a juventude, jantar dos casais, quermesses, eventos esportivos e culturais, show religioso, shows musicais em pra\u00e7a p\u00fablica e muito mais.<\/p>\n\n\n\n<p>A Festa de Nossa Senhora dos Milagres ter\u00e1 seu in\u00edcio logo mais \u00e0s 18:30h com a chegada da imagem e logo em seguida com a realiza\u00e7\u00e3o da missa de abertura da festa, presidida pelo p\u00e1roco Francisco Evaristo da Par\u00f3quia de Nossa Senhora da Concei\u00e7\u00e3o de Serra Branca. A Festa decorrer\u00e1 at\u00e9 o pr\u00f3ximo domingo, dia 08 de setembro, com a tradicional prociss\u00e3o de Nossa Senhora dos Milagres, que promete atrair uma multid\u00e3o de fi\u00e9is cat\u00f3licos e devotos da Virgem M\u00e3e dos Milagres para a cidade de S\u00e3o Jo\u00e3o do Cariri.<\/p>\n\n\n\n<p><strong>Confira a programa\u00e7\u00e3o completa da Festa de Nossa Senhora dos Milagres 2019:<\/strong><\/p>\n\n\n\n<p><strong>Sexta-feira \u2013 30\/08 \u2013 Abertura da Festa da M\u00e3e dos Milagres<\/strong><\/p>\n\n\n\n<p>18h30 \u2013 Chegada da Imagem Peregrina vinda em Romaria da cidade de Serra Branca-PB<br>19h30 \u2013 Missa Solene de Abertura da Festa<br>Presidida pelo Pe. Francisco Evaristo \u2013 Par\u00f3quia Nossa Senhora da Concei\u00e7\u00e3o \u2013 Serra Branca-PB<\/p>\n\n\n\n<p>(Liturgia e Anima\u00e7\u00e3o \u2013 Par\u00f3quia de Serra Branca \u2013 PB)<\/p>\n\n\n\n<p>21h \u2013 Quermesse<\/p>\n\n\n\n<p><strong>S\u00e1bado \u2013 31\/08 \u2013 Jantar dos Casais<\/strong><\/p>\n\n\n\n<p>7h30- Torneio dos Veteranos \u2013 No Est\u00e1dio Municipal<br>19h30 \u2013 Missa Solene<br>Presidida pelo Pe. Claudeci Silva Soares \u2013 P\u00e1roco da Paroquia Nossa Senhora da Concei\u00e7\u00e3o \u2013 Sum\u00e9-PB<\/p>\n\n\n\n<p>(Anima\u00e7\u00e3o e Liturgia \u2013 Distrito Malhada da Ro\u00e7a e Siriema)<\/p>\n\n\n\n<p>21h \u2013 Jantar dos Casais<\/p>\n\n\n\n<p><strong>Domingo \u2013 01\/09 \u2013 Dia dedicado aos Agricultores e Juventude<\/strong><\/p>\n\n\n\n<p>6h \u2013 1\u00b0 Passeio Cicl\u00edstico Nossa Senhora dos Milagres<br>9h \u2013 Missa Solene<br>Presidida pelo Pe. Francisco de Assis Meira \u2013 Reitor do Santu\u00e1rio Nossa Senhora dos Milagres \u2013 S\u00e3o Jo\u00e3o do Cariri-PB<\/p>\n\n\n\n<p>Concentra\u00e7\u00e3o Portal entrada da Cidade (Chap\u00e9u)<\/p>\n\n\n\n<p>(Anima\u00e7\u00e3o e Liturgia \u2013 Comunidades: Po\u00e7o das Pedras, Curral do Meio e Secretaria de Agricultura)<\/p>\n\n\n\n<p>Das 13h \u00e0s 18h \u2013 FIAT ( Romaria da Juventude) na Escola Nossa Senhora dos Milagres, reunindo toda a Juventude do Cariri \u2013 Realiza\u00e7\u00e3o Pastoral da Juventude<\/p>\n\n\n\n<p>19h30 \u2013 Missa Solene<br>Presidida pelo Pe. Jo\u00e3o Bosco F\u00e9lix \u2013 P\u00e1roco da Par\u00f3quia Bom Jesus dos Mart\u00edrios \u2013 Boa Vista \u2013 PB<\/p>\n\n\n\n<p>(Anima\u00e7\u00e3o e Liturgia \u2013 Par\u00f3quia Bom Jesus dos Mart\u00edrios \u2013 Boa Vista \u2013PB)<\/p>\n\n\n\n<p>21h \u2013 Quermesse<\/p>\n\n\n\n<p><strong>Segunda-feira \u2013 02.09 \u2013 Noite dedicada ao Ter\u00e7o dos Homens<\/strong><\/p>\n\n\n\n<p>19h30 \u2013 Missa Solene<br>Presidida pelo Pe. Edvaldo \u2013 Par\u00f3quia Nossa Senhora das Dores \u2013 Passagem e Brejinho \u2013 Rio Grande do Norte-RN<\/p>\n\n\n\n<p>(Liturgia \u2013 Comunidade da Macambira, Alagamar e Ter\u00e7o dos Homens<br>Anima\u00e7\u00e3o \u2013 Coral dos Homens)<\/p>\n\n\n\n<p>21h \u2013 Quermesse<\/p>\n\n\n\n<p><strong>Ter\u00e7a-feira \u2013 03.09 \u2013 Noite dedicada as Crian\u00e7as<\/strong><\/p>\n\n\n\n<p>16h \u2013 Pavilh\u00e3o das Crian\u00e7as \u2013 Ao Lado do Santu\u00e1rio<\/p>\n\n\n\n<p>19h30 \u2013 Missa Solene<br>Presidida pelo Pe. Marcio Henrique Fernandes \u2013 Par\u00f3quia Nossa Senhora do Ros\u00e1rio \u2013 Campina Grande-PB<\/p>\n\n\n\n<p>(Liturgia \u2013 Comunidades Uru\u00e7u, Mares, Catequese , Coroinhas e Perseveran\u00e7a<br>Anima\u00e7\u00e3o \u2013 Coralzinho Nossa Senhora dos Milagres)<\/p>\n\n\n\n<p>21h \u2013 Quermesse<\/p>\n\n\n\n<p><strong>Quarta-feira \u2013 04.09 \u2013 Noite dedicada a Juventude<\/strong><\/p>\n\n\n\n<p>19h30 \u2013 Missa Solene dedicada a Juventude<br>Presidida pelo Pe. Fabiano Melo \u2013 Par\u00f3quia Nossa Senhora Perpetuo Socorro \u2013 Lagoa Seca-PB<\/p>\n\n\n\n<p>(Anima\u00e7\u00e3o e Liturgia \u2013 Pastoral da Juventude e EJC)<\/p>\n\n\n\n<p>21h \u2013 Noite Cultural \u2013 Quermesse e Anima\u00e7\u00e3o com Tiago dos Teclados e Nascimento Filho<br>Apresenta\u00e7\u00f5es Culturais, Artesanato e Culin\u00e1rias \u2013 Org: Grupo de Artes\u00e3o Arte do Cariri<\/p>\n\n\n\n<p><strong>Quinta-feira \u2013 05.09 \u2013 Noite dedicada as Fam\u00edlias<\/strong><\/p>\n\n\n\n<p>8h- Missa Solene dos Enfermos<br>Presidida pelo Pe. Francisco de Assis Meira \u2013 Reitor do Santu\u00e1rio Nossa Senhora dos Milagres- S\u00e3o Jo\u00e3o do Cariri-PB<\/p>\n\n\n\n<p>(Liturgia \u2013 Ministros da Comunh\u00e3o<br>Anima\u00e7\u00e3o \u2013 Equipe de Liturgia)<\/p>\n\n\n\n<p>19h30 \u2013 Missa Solene dedicada as Fam\u00edlias<br>Presidida pelo Pe. Francisco de Assis Meira \u2013 Reitor do Santu\u00e1rio Nossa Senhora dos Milagres \u2013 S\u00e3o Jo\u00e3o do Cariri-PB<\/p>\n\n\n\n<p>(Anima\u00e7\u00e3o e Liturgia \u2013 ECC e Pastoral da Fam\u00edlia)<\/p>\n\n\n\n<p>21h \u2013 Noite da Juventude<br>Quermesse e Anima\u00e7\u00e3o com Roger Farias<\/p>\n\n\n\n<p><strong>Sexta-feira \u2013 06.09 \u2013 Noite dedicada ao Sagrado Cora\u00e7\u00e3o de Jesus<\/strong><\/p>\n\n\n\n<p>19h30 \u2013 Missa Solene<br>Presidida por Dom Genival Saraiva Bispo Em\u00e9rito da Diocese de Palmares \u2013 PE<\/p>\n\n\n\n<p>(Liturgia \u2013 Apostolado da Ora\u00e7\u00e3o, Renova\u00e7\u00e3o Carisma e Oficina de Ora\u00e7\u00e3o<br>Anima\u00e7\u00e3o \u2013 Cantare)<\/p>\n\n\n\n<p>21h \u2013 Noite das Fam\u00edlias<br>Quermesse e Anima\u00e7\u00e3o com Miguel Neto<\/p>\n\n\n\n<p><strong>S\u00e1bado \u2013 07.09 \u2013 Noite dedicada aos Motoristas, Motociclistas e Madrinhas do Altar<\/strong><\/p>\n\n\n\n<p>18h30 \u2013 Prociss\u00e3o dos Motoristas \u2013 Concentra\u00e7\u00e3o na entrada da Cidade de Gurj\u00e3o -PB<\/p>\n\n\n\n<p>19h30 \u2013 Missa Solene da descida da Imagem<br>Presidida pelo Pe. Fl\u00e1vio Pereira dos Santos \u2013 Paroquia Nossa Senhora das Dores \u2013 Natuba \u2013 PB<\/p>\n\n\n\n<p>(Liturgia \u2013 Madrinhas do Altar<br>Anima\u00e7\u00e3o \u2013 Equipe de Liturgia)<\/p>\n\n\n\n<p>21h \u2013 Quermesse<\/p>\n\n\n\n<p><strong>Domingo \u2013 08.09 \u2013 Dia Dedicado aos Romeiros e Devotos<\/strong><\/p>\n\n\n\n<p>00h \u2013 Oficio de Nossa Senhora<\/p>\n\n\n\n<p>1h \u2013 Missa dos Romeiros<br>Presidida Pe. Francisco de Assis Meira \u2013 Reitor do Santu\u00e1rio Nossa Senhora dos Milagres- S\u00e3o Jo\u00e3o do Cariri-PB<\/p>\n\n\n\n<p>(Anima\u00e7\u00e3o e Liturgia \u2013 Pastoral da Juventude)<\/p>\n\n\n\n<p>3h- Missa dos Romeiros<br>Presidida pelos Padres Joselito Silva, Manoel Cristino e Di\u00e1cono Arimateia J\u00fanior<\/p>\n\n\n\n<p>(Anima\u00e7\u00e3o e Liturgia \u2013 Paroquias de Parari e S\u00e3o Jos\u00e9 dos Cordeiros)<\/p>\n\n\n\n<p>5h \u2013 Missa dos Romeiros<br>Presidida pelo Pe. Abelardo Almeida de Freitas Neto \u2013 Natal \u2013RN<\/p>\n\n\n\n<p>(Liturgia e Anima\u00e7\u00e3o \u2013 Comunidade Alto do Bel\u00e9m)<\/p>\n\n\n\n<p>8h \u2013 Missa dos Romeiros<br>Presidida pelo Monsenhor Ant\u00f4nio Apolin\u00e1rio<\/p>\n\n\n\n<p>(Liturgia e Anima\u00e7\u00e3o \u2013 Cantare)<\/p>\n\n\n\n<p>Batizados ap\u00f3s a Missa das 8h<\/p>\n\n\n\n<p>10h- Missa Solene da Natividade de Maria<\/p>\n\n\n\n<p>Presidida pelo Excelent\u00edssimo e Reverend\u00edssimo Dom Dulc\u00eanio Fontes de Matos \u2013 Bispo Diocesano de Campina Grande-PB<\/p>\n\n\n\n<p>(Anima\u00e7\u00e3o \u2013 Equipe de Liturgia<br>Liturgia \u2013 Clube de M\u00e3es In\u00e1cia Bulc\u00e3o Aires)<\/p>\n\n\n\n<p>15h30 \u2013 Missa Solene e Prociss\u00e3o pelas principais ruas da cidade<br>Presidida Pe. Francisco de Assis Meira \u2013 Reitor do Santu\u00e1rio Nossa Senhora dos Milagres \u2013 S\u00e3o Jo\u00e3o do Cariri-PB<\/p>\n\n\n\n<p><strong>Segunda-feira \u2013 09.09 \u2013 Dia Dedicado a S\u00e3o Bento<\/strong><\/p>\n\n\n\n<p>19h \u2013 Prociss\u00e3o de S\u00e3o Bento saindo da Comunidade do Picoito e Balan\u00e7o<br>19h30 \u2013 Missa Solene dedicado a S\u00e3o Bento<br>Presidida pelo Pe. Rodolfo Lucena \u2013 Paroquia S\u00e3o Jo\u00e3o Paulo II \u2013 Campina Grande-PB<\/p>\n\n\n\n<p><strong>De Olho no Cariri<\/strong><\/p>\n","protected":false},"excerpt":{"rendered":"<p>A espera acabou! O povo cat\u00f3lico, fi\u00e9is e devotos de Nossa Senhora dos Milagres j\u00e1 est\u00e3o na grande expectativa para o in\u00edcio da tradicional Festa&hellip; <\/p>\n","protected":false},"author":1,"featured_media":112856,"comment_status":"closed","ping_status":"closed","sticky":false,"template":"","format":"standard","meta":{"sfsi_plus_gutenberg_text_before_share":"","sfsi_plus_gutenberg_show_text_before_share":"","sfsi_plus_gutenberg_icon_type":"","sfsi_plus_gutenberg_icon_alignemt":"","sfsi_plus_gutenburg_max_per_row":"","footnotes":""},"categories":[2],"tags":[],"class_list":["post-112854","post","type-post","status-publish","format-standard","has-post-thumbnail","hentry","category-geral"],"_links":{"self":[{"href":"https:\/\/www.caririemacao.com\/1\/wp-json\/wp\/v2\/posts\/112854","targetHints":{"allow":["GET"]}}],"collection":[{"href":"https:\/\/www.caririemacao.com\/1\/wp-json\/wp\/v2\/posts"}],"about":[{"href":"https:\/\/www.caririemacao.com\/1\/wp-json\/wp\/v2\/types\/post"}],"author":[{"embeddable":true,"href":"https:\/\/www.caririemacao.com\/1\/wp-json\/wp\/v2\/users\/1"}],"replies":[{"embeddable":true,"href":"https:\/\/www.caririemacao.com\/1\/wp-json\/wp\/v2\/comments?post=112854"}],"version-history":[{"count":1,"href":"https:\/\/www.caririemacao.com\/1\/wp-json\/wp\/v2\/posts\/112854\/revisions"}],"predecessor-version":[{"id":112857,"href":"https:\/\/www.caririemacao.com\/1\/wp-json\/wp\/v2\/posts\/112854\/revisions\/112857"}],"wp:featuredmedia":[{"embeddable":true,"href":"https:\/\/www.caririemacao.com\/1\/wp-json\/wp\/v2\/media\/112856"}],"wp:attachment":[{"href":"https:\/\/www.caririemacao.com\/1\/wp-json\/wp\/v2\/media?parent=112854"}],"wp:term":[{"taxonomy":"category","embeddable":true,"href":"https:\/\/www.caririemacao.com\/1\/wp-json\/wp\/v2\/categories?post=112854"},{"taxonomy":"post_tag","embeddable":true,"href":"https:\/\/www.caririemacao.com\/1\/wp-json\/wp\/v2\/tags?post=112854"}],"curies":[{"name":"wp","href":"https:\/\/api.w.org\/{rel}","templated":true}]}}