{"id":112864,"date":"2019-08-30T12:44:29","date_gmt":"2019-08-30T15:44:29","guid":{"rendered":"http:\/\/www.caririemacao.com\/1\/?p=112864"},"modified":"2019-08-30T12:44:29","modified_gmt":"2019-08-30T15:44:29","slug":"ministro-sergio-moro-cancela-agenda-em-joao-pessoa","status":"publish","type":"post","link":"https:\/\/www.caririemacao.com\/1\/2019\/08\/30\/ministro-sergio-moro-cancela-agenda-em-joao-pessoa\/","title":{"rendered":"Ministro Sergio Moro cancela agenda em Jo\u00e3o Pessoa"},"content":{"rendered":"\n<p>O ministro da Justi\u00e7a e Seguran\u00e7a P\u00fablica, Sergio Moro, n\u00e3o vem mais para a inaugura\u00e7\u00e3o da nova sede da Pol\u00edcia Federal, em Jo\u00e3o Pessoa, nesta sexta-feira (30), por raz\u00f5es de \u201ccompromissos urgentes\u201d, em Bras\u00edlia.<\/p>\n\n\n\n<p>A agenda oficial do Minist\u00e9rio da Justi\u00e7a apenas consta que ele participar\u00e1, hoje, do Lan\u00e7amento Oficial da Opera\u00e7\u00e3o Integrada do Projeto \u201cEm Frente Brasil\u201d \u2013 Fase I \u2013 Choque Operacional.<\/p>\n\n\n\n<p>Al\u00e9m de Moro, o Diretor Geral da Pol\u00edcia Federal, Maur\u00edcio Valeixo, que tamb\u00e9m viria, n\u00e3o estar\u00e1 presente.<\/p>\n\n\n\n<p><strong>Abaixo, a nota da Superintend\u00eancia da Pol\u00edcia Federal na Para\u00edba<\/strong><\/p>\n\n\n\n<p><em>A Pol\u00edcia Federal informa que, em raz\u00e3o de compromissos urgentes, que o impedem de se ausentar de Bras\u00edlia na data de hoje, o Ministro da Justi\u00e7a e Seguran\u00e7a Publica, Sr Sergio Fernando Moro, n\u00e3o comparecer\u00e1 \u00e0 inaugura\u00e7\u00e3o da nova sede da Superintend\u00eancia Regional da PF no estado da Para\u00edba.<\/em><\/p>\n\n\n\n<p><em>Da mesma forma, o Diretor Geral da Pol\u00edcia Federal, Sr. Maur\u00edcio Valeixo, que viria com ele na mesma aeronave da FAB que o transportaria, tamb\u00e9m n\u00e3o estar\u00e1 presente.<\/em><\/p>\n\n\n\n<p><em>O dirigente m\u00e1ximo do \u00f3rg\u00e3o ser\u00e1 representado na cerim\u00f4nia pelo Corregedor Geral da Pol\u00edcia Federal, Sr. Omar Haj Mussi.<\/em><\/p>\n\n\n\n<p><em>Divis\u00e3o de Comunica\u00e7\u00e3o Social da PF<\/em><\/p>\n\n\n\n<p><em>Com Mais PB<\/em><\/p>\n","protected":false},"excerpt":{"rendered":"<p>O ministro da Justi\u00e7a e Seguran\u00e7a P\u00fablica, Sergio Moro, n\u00e3o vem mais para a inaugura\u00e7\u00e3o da nova sede da Pol\u00edcia Federal, em Jo\u00e3o Pessoa, nesta&hellip; <\/p>\n","protected":false},"author":1,"featured_media":103567,"comment_status":"closed","ping_status":"closed","sticky":false,"template":"","format":"standard","meta":{"sfsi_plus_gutenberg_text_before_share":"","sfsi_plus_gutenberg_show_text_before_share":"","sfsi_plus_gutenberg_icon_type":"","sfsi_plus_gutenberg_icon_alignemt":"","sfsi_plus_gutenburg_max_per_row":"","footnotes":""},"categories":[11],"tags":[],"class_list":["post-112864","post","type-post","status-publish","format-standard","has-post-thumbnail","hentry","category-politica"],"_links":{"self":[{"href":"https:\/\/www.caririemacao.com\/1\/wp-json\/wp\/v2\/posts\/112864","targetHints":{"allow":["GET"]}}],"collection":[{"href":"https:\/\/www.caririemacao.com\/1\/wp-json\/wp\/v2\/posts"}],"about":[{"href":"https:\/\/www.caririemacao.com\/1\/wp-json\/wp\/v2\/types\/post"}],"author":[{"embeddable":true,"href":"https:\/\/www.caririemacao.com\/1\/wp-json\/wp\/v2\/users\/1"}],"replies":[{"embeddable":true,"href":"https:\/\/www.caririemacao.com\/1\/wp-json\/wp\/v2\/comments?post=112864"}],"version-history":[{"count":1,"href":"https:\/\/www.caririemacao.com\/1\/wp-json\/wp\/v2\/posts\/112864\/revisions"}],"predecessor-version":[{"id":112866,"href":"https:\/\/www.caririemacao.com\/1\/wp-json\/wp\/v2\/posts\/112864\/revisions\/112866"}],"wp:featuredmedia":[{"embeddable":true,"href":"https:\/\/www.caririemacao.com\/1\/wp-json\/wp\/v2\/media\/103567"}],"wp:attachment":[{"href":"https:\/\/www.caririemacao.com\/1\/wp-json\/wp\/v2\/media?parent=112864"}],"wp:term":[{"taxonomy":"category","embeddable":true,"href":"https:\/\/www.caririemacao.com\/1\/wp-json\/wp\/v2\/categories?post=112864"},{"taxonomy":"post_tag","embeddable":true,"href":"https:\/\/www.caririemacao.com\/1\/wp-json\/wp\/v2\/tags?post=112864"}],"curies":[{"name":"wp","href":"https:\/\/api.w.org\/{rel}","templated":true}]}}