{"id":112870,"date":"2019-08-30T12:55:53","date_gmt":"2019-08-30T15:55:53","guid":{"rendered":"http:\/\/www.caririemacao.com\/1\/?p=112870"},"modified":"2019-08-30T12:55:53","modified_gmt":"2019-08-30T15:55:53","slug":"justica-federal-reduz-r-23-mil-do-salario-do-senador-jose-maranhao","status":"publish","type":"post","link":"https:\/\/www.caririemacao.com\/1\/2019\/08\/30\/justica-federal-reduz-r-23-mil-do-salario-do-senador-jose-maranhao\/","title":{"rendered":"Justi\u00e7a Federal reduz R$ 23 mil do sal\u00e1rio do senador Jos\u00e9 Maranh\u00e3o"},"content":{"rendered":"\n<p>A Justi\u00e7a Federal da Para\u00edba determinou uma redu\u00e7\u00e3o na remunera\u00e7\u00e3o mensal do senador Jos\u00e9 Maranh\u00e3o (MDB) que acumula pens\u00e3o especial de ex-governador e senador.<\/p>\n\n\n\n<p>De acordo com a revista Veja, Maranh\u00e3o recebe 57,2 mil com a soma da pens\u00e3o de 23,5 mil e o sal\u00e1rio no Senado de 33,7 mil. Na decis\u00e3o do juiz Bruno Teixeira de Paiva, ser\u00e1 cortado o valor equivalente a pens\u00e3o para que assim o emedebista receba o teto constitucional.<\/p>\n\n\n\n<p>A liminar atende uma a\u00e7\u00e3o do Minist\u00e9rio P\u00fablico Federal, que considera o sal\u00e1rio abusivo lesivo ao er\u00e1rio.<\/p>\n\n\n\n<p>Maranh\u00e3o acumula os dois valores desde 2015 quando assumiu no Senado. &nbsp;O valor do montante recebido de forma irregular seria o equivalente a R$ 1 milh\u00e3o. &nbsp;A a\u00e7\u00e3o do MPF pede que a Uni\u00e3o receba de volta esse montante que j\u00e1 foi pago ao paraibano.<\/p>\n\n\n\n<p><strong>MaisPB<\/strong><\/p>\n","protected":false},"excerpt":{"rendered":"<p>A Justi\u00e7a Federal da Para\u00edba determinou uma redu\u00e7\u00e3o na remunera\u00e7\u00e3o mensal do senador Jos\u00e9 Maranh\u00e3o (MDB) que acumula pens\u00e3o especial de ex-governador e senador. De&hellip; <\/p>\n","protected":false},"author":1,"featured_media":858,"comment_status":"closed","ping_status":"closed","sticky":false,"template":"","format":"standard","meta":{"sfsi_plus_gutenberg_text_before_share":"","sfsi_plus_gutenberg_show_text_before_share":"","sfsi_plus_gutenberg_icon_type":"","sfsi_plus_gutenberg_icon_alignemt":"","sfsi_plus_gutenburg_max_per_row":"","footnotes":""},"categories":[11],"tags":[],"class_list":["post-112870","post","type-post","status-publish","format-standard","has-post-thumbnail","hentry","category-politica"],"_links":{"self":[{"href":"https:\/\/www.caririemacao.com\/1\/wp-json\/wp\/v2\/posts\/112870","targetHints":{"allow":["GET"]}}],"collection":[{"href":"https:\/\/www.caririemacao.com\/1\/wp-json\/wp\/v2\/posts"}],"about":[{"href":"https:\/\/www.caririemacao.com\/1\/wp-json\/wp\/v2\/types\/post"}],"author":[{"embeddable":true,"href":"https:\/\/www.caririemacao.com\/1\/wp-json\/wp\/v2\/users\/1"}],"replies":[{"embeddable":true,"href":"https:\/\/www.caririemacao.com\/1\/wp-json\/wp\/v2\/comments?post=112870"}],"version-history":[{"count":1,"href":"https:\/\/www.caririemacao.com\/1\/wp-json\/wp\/v2\/posts\/112870\/revisions"}],"predecessor-version":[{"id":112872,"href":"https:\/\/www.caririemacao.com\/1\/wp-json\/wp\/v2\/posts\/112870\/revisions\/112872"}],"wp:featuredmedia":[{"embeddable":true,"href":"https:\/\/www.caririemacao.com\/1\/wp-json\/wp\/v2\/media\/858"}],"wp:attachment":[{"href":"https:\/\/www.caririemacao.com\/1\/wp-json\/wp\/v2\/media?parent=112870"}],"wp:term":[{"taxonomy":"category","embeddable":true,"href":"https:\/\/www.caririemacao.com\/1\/wp-json\/wp\/v2\/categories?post=112870"},{"taxonomy":"post_tag","embeddable":true,"href":"https:\/\/www.caririemacao.com\/1\/wp-json\/wp\/v2\/tags?post=112870"}],"curies":[{"name":"wp","href":"https:\/\/api.w.org\/{rel}","templated":true}]}}