{"id":112886,"date":"2019-08-30T13:02:37","date_gmt":"2019-08-30T16:02:37","guid":{"rendered":"http:\/\/www.caririemacao.com\/1\/?p=112886"},"modified":"2019-08-30T13:02:37","modified_gmt":"2019-08-30T16:02:37","slug":"perfil-de-lula-no-twitter-divulga-passagem-de-caravana-por-monteiro","status":"publish","type":"post","link":"https:\/\/www.caririemacao.com\/1\/2019\/08\/30\/perfil-de-lula-no-twitter-divulga-passagem-de-caravana-por-monteiro\/","title":{"rendered":"Perfil de Lula no Twitter divulga passagem de caravana por Monteiro"},"content":{"rendered":"\n<p>O ex-presidente Lula divulgou em sua p\u00e1gina do Twitter a passagem da Caravana Lula Livre pela cidade de Monteiro, no Cariri da Para\u00edba. A mobiliza\u00e7\u00e3o chega \u00e0 Para\u00edba no pr\u00f3ximo domingo (1\u00ba) para se juntar ao ato SOS Transposi\u00e7\u00e3o.<\/p>\n\n\n\n<p>De acordo com&nbsp;<a href=\"https:\/\/lula.com.br\/caravana-lula-livre-chega-ao-nordeste-nesta-sexta-30\/\">publica\u00e7\u00e3o do site oficial de Lula<\/a>, nesta sexta-feira (30) a Caravana Lula Livre passa por Fortaleza, capital do Cear\u00e1. No s\u00e1bado (31) ser\u00e1 a vez de Recife, em Pernambuco, onde est\u00e1 marcado um ato em defesa da educa\u00e7\u00e3o, da Amaz\u00f4nia e por Lula livre.<\/p>\n\n\n\n<p>No domingo a mobiliza\u00e7\u00e3o acontece em Monteiro com objetivo de denunciar a pris\u00e3o de Lula como sendo pol\u00edtica e os desmontes provocados no governo de Jair Bolsonaro. A Caravana Lula Livre j\u00e1 passou por estados do Sul, Sudeste e Norte do pa\u00eds.<\/p>\n\n\n\n<p>Foi confirmada a presen\u00e7a de Fernando Haddad, ex-prefeito de S\u00e3o Paulo e ex-candidato \u00e0 Presid\u00eancia da Rep\u00fablica. Tamb\u00e9m estar\u00e3o em Monteiro a presidente nacional do PT, Gleisi Hoffmann, e o vice-presidente do PT, Marcio Macedo, que tamb\u00e9m coordena as caravanas pelo pa\u00eds.<\/p>\n\n\n\n<figure class=\"wp-block-image\"><img decoding=\"async\" data-src=\"https:\/\/www.clickpb.com.br\/media\/filer_public\/28\/93\/2893e8b5-b928-44e7-8acf-12cec7f68d6e\/lula_-_twitter_-_caravana.png\" alt=\"\" src=\"data:image\/svg+xml;base64,PHN2ZyB3aWR0aD0iMSIgaGVpZ2h0PSIxIiB4bWxucz0iaHR0cDovL3d3dy53My5vcmcvMjAwMC9zdmciPjwvc3ZnPg==\" class=\"lazyload\" \/><\/figure>\n","protected":false},"excerpt":{"rendered":"<p>O ex-presidente Lula divulgou em sua p\u00e1gina do Twitter a passagem da Caravana Lula Livre pela cidade de Monteiro, no Cariri da Para\u00edba. A mobiliza\u00e7\u00e3o&hellip; <\/p>\n","protected":false},"author":1,"featured_media":112887,"comment_status":"closed","ping_status":"closed","sticky":false,"template":"","format":"standard","meta":{"sfsi_plus_gutenberg_text_before_share":"","sfsi_plus_gutenberg_show_text_before_share":"","sfsi_plus_gutenberg_icon_type":"","sfsi_plus_gutenberg_icon_alignemt":"","sfsi_plus_gutenburg_max_per_row":"","footnotes":""},"categories":[11],"tags":[],"class_list":["post-112886","post","type-post","status-publish","format-standard","has-post-thumbnail","hentry","category-politica"],"_links":{"self":[{"href":"https:\/\/www.caririemacao.com\/1\/wp-json\/wp\/v2\/posts\/112886","targetHints":{"allow":["GET"]}}],"collection":[{"href":"https:\/\/www.caririemacao.com\/1\/wp-json\/wp\/v2\/posts"}],"about":[{"href":"https:\/\/www.caririemacao.com\/1\/wp-json\/wp\/v2\/types\/post"}],"author":[{"embeddable":true,"href":"https:\/\/www.caririemacao.com\/1\/wp-json\/wp\/v2\/users\/1"}],"replies":[{"embeddable":true,"href":"https:\/\/www.caririemacao.com\/1\/wp-json\/wp\/v2\/comments?post=112886"}],"version-history":[{"count":1,"href":"https:\/\/www.caririemacao.com\/1\/wp-json\/wp\/v2\/posts\/112886\/revisions"}],"predecessor-version":[{"id":112888,"href":"https:\/\/www.caririemacao.com\/1\/wp-json\/wp\/v2\/posts\/112886\/revisions\/112888"}],"wp:featuredmedia":[{"embeddable":true,"href":"https:\/\/www.caririemacao.com\/1\/wp-json\/wp\/v2\/media\/112887"}],"wp:attachment":[{"href":"https:\/\/www.caririemacao.com\/1\/wp-json\/wp\/v2\/media?parent=112886"}],"wp:term":[{"taxonomy":"category","embeddable":true,"href":"https:\/\/www.caririemacao.com\/1\/wp-json\/wp\/v2\/categories?post=112886"},{"taxonomy":"post_tag","embeddable":true,"href":"https:\/\/www.caririemacao.com\/1\/wp-json\/wp\/v2\/tags?post=112886"}],"curies":[{"name":"wp","href":"https:\/\/api.w.org\/{rel}","templated":true}]}}