{"id":112895,"date":"2019-08-30T13:11:05","date_gmt":"2019-08-30T16:11:05","guid":{"rendered":"http:\/\/www.caririemacao.com\/1\/?p=112895"},"modified":"2019-08-30T13:11:05","modified_gmt":"2019-08-30T16:11:05","slug":"cariri-oriental-esta-incluso-em-estudo-para-integrar-sistema-de-inteligencia-territorial","status":"publish","type":"post","link":"https:\/\/www.caririemacao.com\/1\/2019\/08\/30\/cariri-oriental-esta-incluso-em-estudo-para-integrar-sistema-de-inteligencia-territorial\/","title":{"rendered":"Cariri Oriental est\u00e1 incluso em estudo para integrar Sistema de Intelig\u00eancia Territorial"},"content":{"rendered":"\n<p>Um Sistema de Intelig\u00eancia, Gest\u00e3o e Monitoramento Territorial Estrat\u00e9gico (SITE) organizar\u00e1, com base no conhecimento cient\u00edfico, informa\u00e7\u00f5es georreferenciadas da regi\u00e3o do Semi\u00e1rido nordestino. Os dados incluir\u00e3o aspectos dos quadros natural, agr\u00edcola, agr\u00e1rio, de infraestrutura e socioecon\u00f4mico. Um dos resultados esperados ser\u00e1 a associa\u00e7\u00e3o de tecnologias dispon\u00edveis a demandas espec\u00edficas que forem identificadas.<\/p>\n\n\n\n<p>Lan\u00e7ado oficialmente na sexta-feira (23) (veja quadro abaixo), o projeto tem previs\u00e3o de dura\u00e7\u00e3o de 12 meses e est\u00e1 a cargo da Embrapa Territorial (SP). O Sistema ser\u00e1 empregado para subsidiar a elabora\u00e7\u00e3o de pol\u00edticas p\u00fablicas e privadas voltadas \u00e0 regi\u00e3o. Um dos objetivos \u00e9 promover o desenvolvimento sustent\u00e1vel da agropecu\u00e1ria no Semi\u00e1rido.<\/p>\n\n\n\n<p>O SITE estar\u00e1 dispon\u00edvel ao p\u00fablico com ferramentas de an\u00e1lise e apoiar\u00e1 imediatamente as a\u00e7\u00f5es das diversas secretarias do Minist\u00e9rio da Agricultura, Pecu\u00e1ria e Abastecimento (Mapa), prefeituras municipais, governos estaduais, institui\u00e7\u00f5es p\u00fablicas e privadas no Semi\u00e1rido nordestino.<\/p>\n\n\n\n<p>O projeto contar\u00e1 com R$ 1,5 milh\u00e3o em recursos aportados pelo Banco do Nordeste. A institui\u00e7\u00e3o financeira tamb\u00e9m utilizar\u00e1 o SITE para apoiar suas pol\u00edticas p\u00fablicas na regi\u00e3o. As informa\u00e7\u00f5es qualificadas no Sistema apoiar\u00e3o uma das principais pol\u00edticas do Mapa, o Plano de A\u00e7\u00e3o para o Nordeste (AgroNordeste), a ser lan\u00e7ado em breve pelo governo federal. O plano tem como objetivo apoiar a organiza\u00e7\u00e3o das cadeias agropecu\u00e1rias, ampliar e diversificar os canais de comercializa\u00e7\u00e3o, al\u00e9m de aumentar a efici\u00eancia produtiva e o benef\u00edcio social na regi\u00e3o.<\/p>\n\n\n\n<p>O trabalho vai abordar oito microrregi\u00f5es priorit\u00e1rias com potencial de desenvolvimento agropecu\u00e1rio, identificadas preliminarmente por meio de m\u00e9todos de intelig\u00eancia territorial. Para cada uma delas, ser\u00e3o indicadas solu\u00e7\u00f5es tecnol\u00f3gicas e n\u00e3o tecnol\u00f3gicas dispon\u00edveis com foco no desenvolvimento territorial sustent\u00e1vel da agropecu\u00e1ria.<\/p>\n\n\n\n<p>Para o chefe-geral da Embrapa Territorial, Evaristo de Miranda, com a estrutura\u00e7\u00e3o do SITE ser\u00e1 poss\u00edvel integrar e analisar todas as informa\u00e7\u00f5es em uma \u00fanica base de dados. \u201cApesar de o acervo de informa\u00e7\u00f5es dispon\u00edveis sobre o Semi\u00e1rido nordestino ser um dos maiores do Pa\u00eds, os dados s\u00e3o tem\u00e1ticos e setoriais. O sistema, in\u00e9dito, vai tratar de todas as informa\u00e7\u00f5es de forma integrada e na perspectiva de an\u00e1lise territorial\u201d, informa.<\/p>\n\n\n\n<p>Na opini\u00e3o de Miranda, o desenvolvimento da agricultura de sequeiro no Semi\u00e1rido nordestino ainda \u00e9 um grande desafio para o Pa\u00eds, e o SITE ser\u00e1 uma importante ferramenta para enfrent\u00e1-lo. \u201c\u00c9 preciso viabilizar solu\u00e7\u00f5es de pesquisa, desenvolvimento e inova\u00e7\u00e3o em intelig\u00eancia para a sustentabilidade da agropecu\u00e1ria no bioma Caatinga\u201d, declara.<\/p>\n\n\n\n<p>As microrregi\u00f5es pr\u00e9-selecionadas envolvidas abrangem 106 munic\u00edpios e representam 10% da \u00e1rea da Caatinga. Foi identificada uma microrregi\u00e3o por estado do Nordeste, exceto o Maranh\u00e3o, onde a vegeta\u00e7\u00e3o predominante \u00e9 o Cerrado. As selecionadas s\u00e3o Euclides da Cunha (BA); Araripina (PE); Vale do A\u00e7u (RN); Baixo Jaguaribe (CE); Alto M\u00e9dio Canind\u00e9 (PI); Sergipana do Sert\u00e3o do S\u00e3o Francisco (SE); Batalha (AL) e Cariri Oriental (PB). A \u00e1rea total re\u00fane cerca de 143 mil estabelecimentos agropecu\u00e1rios. Para delimit\u00e1-la, a equipe da Embrapa analisou uma s\u00e9rie de dados dos Censos Agropecu\u00e1rios de 2006 e 2017.<\/p>\n\n\n\n<p>A renda dos agricultores foi um dos crit\u00e9rios adotados para a escolha das microrregi\u00f5es priorit\u00e1rias. Da totalidade de estabelecimentos, cerca de 16 mil s\u00e3o coordenados por produtores com renda de tr\u00eas a dez sal\u00e1rios m\u00ednimos. Esse montante de im\u00f3veis representa 11% dos estabelecimentos em toda a \u00e1rea estudada.<\/p>\n\n\n\n<p>Os produtores com renda entre tr\u00eas a dez sal\u00e1rios m\u00ednimos s\u00e3o os que apresentam condi\u00e7\u00f5es para ado\u00e7\u00e3o de solu\u00e7\u00f5es tecnol\u00f3gicas. Os produtores com renda inferior a tr\u00eas sal\u00e1rios m\u00ednimos s\u00e3o dependentes de pol\u00edticas p\u00fablicas assistenciais.<\/p>\n\n\n\n<p>\u201cOs agricultores que est\u00e3o produzindo e vivendo do mercado agr\u00edcola s\u00e3o os da faixa de renda entre tr\u00eas a dez sal\u00e1rios m\u00ednimos. Mas isso n\u00e3o significa que os abaixo dessa faixa n\u00e3o ser\u00e3o influenciados pelo desenvolvimento de sistemas produtivos. Espera-se que haja uma sinergia entre os grupos e, para isso, \u00e9 importante que as a\u00e7\u00f5es sejam integradas entre os minist\u00e9rios\u201d, observa Miranda.<\/p>\n\n\n\n<p>Nos estudos preliminares, ao comparar os dados levantados no Censo Agropecu\u00e1rio de 2006 e 2017, a equipe da Embrapa Territorial observou um decl\u00ednio de 30% na atividade agropecu\u00e1ria no Nordeste. No entanto, o n\u00famero de estabelecimentos agropecu\u00e1rios, nas microrregi\u00f5es selecionadas nos estudos, cresceu 11%. Agora, com o projeto aprovado em parceria com o Banco do Nordeste, ser\u00e3o elaborados diagn\u00f3sticos aprofundados para cada uma das oito microrregi\u00f5es priorit\u00e1rias, com indica\u00e7\u00f5es de solu\u00e7\u00f5es tecnol\u00f3gicas e n\u00e3o tecnol\u00f3gicas para o desenvolvimento agropecu\u00e1rio.<\/p>\n","protected":false},"excerpt":{"rendered":"<p>Um Sistema de Intelig\u00eancia, Gest\u00e3o e Monitoramento Territorial Estrat\u00e9gico (SITE) organizar\u00e1, com base no conhecimento cient\u00edfico, informa\u00e7\u00f5es georreferenciadas da regi\u00e3o do Semi\u00e1rido nordestino. Os dados&hellip; <\/p>\n","protected":false},"author":1,"featured_media":112897,"comment_status":"closed","ping_status":"closed","sticky":false,"template":"","format":"standard","meta":{"sfsi_plus_gutenberg_text_before_share":"","sfsi_plus_gutenberg_show_text_before_share":"","sfsi_plus_gutenberg_icon_type":"","sfsi_plus_gutenberg_icon_alignemt":"","sfsi_plus_gutenburg_max_per_row":"","footnotes":""},"categories":[2],"tags":[],"class_list":["post-112895","post","type-post","status-publish","format-standard","has-post-thumbnail","hentry","category-geral"],"_links":{"self":[{"href":"https:\/\/www.caririemacao.com\/1\/wp-json\/wp\/v2\/posts\/112895","targetHints":{"allow":["GET"]}}],"collection":[{"href":"https:\/\/www.caririemacao.com\/1\/wp-json\/wp\/v2\/posts"}],"about":[{"href":"https:\/\/www.caririemacao.com\/1\/wp-json\/wp\/v2\/types\/post"}],"author":[{"embeddable":true,"href":"https:\/\/www.caririemacao.com\/1\/wp-json\/wp\/v2\/users\/1"}],"replies":[{"embeddable":true,"href":"https:\/\/www.caririemacao.com\/1\/wp-json\/wp\/v2\/comments?post=112895"}],"version-history":[{"count":1,"href":"https:\/\/www.caririemacao.com\/1\/wp-json\/wp\/v2\/posts\/112895\/revisions"}],"predecessor-version":[{"id":112898,"href":"https:\/\/www.caririemacao.com\/1\/wp-json\/wp\/v2\/posts\/112895\/revisions\/112898"}],"wp:featuredmedia":[{"embeddable":true,"href":"https:\/\/www.caririemacao.com\/1\/wp-json\/wp\/v2\/media\/112897"}],"wp:attachment":[{"href":"https:\/\/www.caririemacao.com\/1\/wp-json\/wp\/v2\/media?parent=112895"}],"wp:term":[{"taxonomy":"category","embeddable":true,"href":"https:\/\/www.caririemacao.com\/1\/wp-json\/wp\/v2\/categories?post=112895"},{"taxonomy":"post_tag","embeddable":true,"href":"https:\/\/www.caririemacao.com\/1\/wp-json\/wp\/v2\/tags?post=112895"}],"curies":[{"name":"wp","href":"https:\/\/api.w.org\/{rel}","templated":true}]}}