{"id":112903,"date":"2019-08-30T17:44:26","date_gmt":"2019-08-30T20:44:26","guid":{"rendered":"http:\/\/www.caririemacao.com\/1\/?p=112903"},"modified":"2019-08-30T17:44:26","modified_gmt":"2019-08-30T20:44:26","slug":"prefeitura-de-sume-lanca-edital-para-licitacao-das-lojas-do-shopping","status":"publish","type":"post","link":"https:\/\/www.caririemacao.com\/1\/2019\/08\/30\/prefeitura-de-sume-lanca-edital-para-licitacao-das-lojas-do-shopping\/","title":{"rendered":"Prefeitura de Sum\u00e9 lan\u00e7a edital para licita\u00e7\u00e3o das lojas do Shopping"},"content":{"rendered":"\n<p>A Prefeitura de Sum\u00e9 realizou nesta sexta-feira (30), evento para lan\u00e7amento do edital de licita\u00e7\u00e3o das lojas do Shopping que ser\u00e1 inaugurado em breve na cidade. A solenidade ocorreu nas depend\u00eancias do pr\u00f3prio shopping e contou com a participa\u00e7\u00e3o do prefeito, \u00c9den Duarte, secret\u00e1rios municipais, CDL, representantes do com\u00e9rcio local, Banco do Nordeste, Sebrae PB, CDSA\/UFCG e demais interessados no processo licitat\u00f3rio para ocupa\u00e7\u00e3o dos espa\u00e7os no shopping.<\/p>\n\n\n\n<p>O Sum\u00e9 Shopping conta com o aux\u00edlio da consultoria do Sebrae-PB que tem participado ativamente dos processos de planejamento desenvolvidos e implementados para o bom funcionamento do empreendimento em quest\u00e3o. \u201cEsse trabalho come\u00e7ou no in\u00edcio do ano, voltado para fazer o shopping funcionar de acordo com as caracter\u00edsticas de Sum\u00e9 e do seu mercado, do seu com\u00e9rcio\u201d, destacou a consultora do Sebrae-PB, Luciana Rabay.<\/p>\n\n\n\n<p>O diretor da CDL de Sum\u00e9, Jos\u00e9 Elisi\u00e1rio disse que o momento era muito importante para o desenvolvimento do munic\u00edpio e para os sumeenses. \u201cN\u00f3s temos que nos organizar para apoiar firmemente esse shopping e buscarmos parcerias para Sum\u00e9 crescer e poder atender o cliente e o turista cada vez melhor\u201d, afirmou.<\/p>\n\n\n\n<p>De acordo com o respons\u00e1vel pelo setor de licita\u00e7\u00e3o do munic\u00edpio de Sum\u00e9, Daniel Bruno, o edital j\u00e1 est\u00e1 pronto com data marcada para o dia 04 de outubro. Os interessados em participar do processo licitat\u00f3rio ter\u00e3o agora 30 dias para buscar o edital que estar\u00e1 dispon\u00edvel no site www.sume.pb.gov.br e na sede da Prefeitura.<\/p>\n\n\n\n<p>No momento, O prefeito \u00c9den fez a assinatura do edital, agradeceu a participa\u00e7\u00e3o de todos no evento, que segundo ele, ficar\u00e1 para a hist\u00f3ria e a autonomia de Sum\u00e9. \u201cEssa luta que come\u00e7ou com o ex-prefeito dr. Neto e damos seguimento quando assumimos, \u00e9 uma inova\u00e7\u00e3o na gest\u00e3o p\u00fablica, porque n\u00e3o existe na Para\u00edba um empreendimento desse porte que seja gerido pela Prefeitura\u201d, enfatizou.<\/p>\n\n\n\n<figure class=\"wp-block-image\"><a href=\"http:\/\/www.sume.pb.gov.br\/2019\/08\/prefeitura-lanca-edital-para-licitacao-das-lojas-do-shopping\/_mg_6102\/\"><img decoding=\"async\" data-src=\"http:\/\/www.sume.pb.gov.br\/wp-content\/uploads\/2019\/08\/MG_6102-150x150.jpg\" alt=\"\" src=\"data:image\/svg+xml;base64,PHN2ZyB3aWR0aD0iMSIgaGVpZ2h0PSIxIiB4bWxucz0iaHR0cDovL3d3dy53My5vcmcvMjAwMC9zdmciPjwvc3ZnPg==\" class=\"lazyload\" style=\"--smush-placeholder-width: 150px; --smush-placeholder-aspect-ratio: 150\/150;\" \/><\/a><\/figure>\n\n\n\n<figure class=\"wp-block-image\"><a href=\"http:\/\/www.sume.pb.gov.br\/2019\/08\/prefeitura-lanca-edital-para-licitacao-das-lojas-do-shopping\/_mg_6105\/\"><img decoding=\"async\" data-src=\"http:\/\/www.sume.pb.gov.br\/wp-content\/uploads\/2019\/08\/MG_6105-150x150.jpg\" alt=\"\" src=\"data:image\/svg+xml;base64,PHN2ZyB3aWR0aD0iMSIgaGVpZ2h0PSIxIiB4bWxucz0iaHR0cDovL3d3dy53My5vcmcvMjAwMC9zdmciPjwvc3ZnPg==\" class=\"lazyload\" style=\"--smush-placeholder-width: 150px; --smush-placeholder-aspect-ratio: 150\/150;\" \/><\/a><\/figure>\n\n\n\n<figure class=\"wp-block-image\"><a href=\"http:\/\/www.sume.pb.gov.br\/2019\/08\/prefeitura-lanca-edital-para-licitacao-das-lojas-do-shopping\/img_5996\/\"><img decoding=\"async\" data-src=\"http:\/\/www.sume.pb.gov.br\/wp-content\/uploads\/2019\/08\/IMG_5996-150x150.jpg\" alt=\"\" src=\"data:image\/svg+xml;base64,PHN2ZyB3aWR0aD0iMSIgaGVpZ2h0PSIxIiB4bWxucz0iaHR0cDovL3d3dy53My5vcmcvMjAwMC9zdmciPjwvc3ZnPg==\" class=\"lazyload\" style=\"--smush-placeholder-width: 150px; --smush-placeholder-aspect-ratio: 150\/150;\" \/><\/a><\/figure>\n\n\n\n<figure class=\"wp-block-image\"><a href=\"http:\/\/www.sume.pb.gov.br\/2019\/08\/prefeitura-lanca-edital-para-licitacao-das-lojas-do-shopping\/_mg_6113\/\"><img decoding=\"async\" data-src=\"http:\/\/www.sume.pb.gov.br\/wp-content\/uploads\/2019\/08\/MG_6113-150x150.jpg\" alt=\"\" src=\"data:image\/svg+xml;base64,PHN2ZyB3aWR0aD0iMSIgaGVpZ2h0PSIxIiB4bWxucz0iaHR0cDovL3d3dy53My5vcmcvMjAwMC9zdmciPjwvc3ZnPg==\" class=\"lazyload\" style=\"--smush-placeholder-width: 150px; --smush-placeholder-aspect-ratio: 150\/150;\" \/><\/a><\/figure>\n\n\n\n<figure class=\"wp-block-image\"><a href=\"http:\/\/www.sume.pb.gov.br\/2019\/08\/prefeitura-lanca-edital-para-licitacao-das-lojas-do-shopping\/img_6093\/\"><img decoding=\"async\" data-src=\"http:\/\/www.sume.pb.gov.br\/wp-content\/uploads\/2019\/08\/IMG_6093-150x150.jpg\" alt=\"\" src=\"data:image\/svg+xml;base64,PHN2ZyB3aWR0aD0iMSIgaGVpZ2h0PSIxIiB4bWxucz0iaHR0cDovL3d3dy53My5vcmcvMjAwMC9zdmciPjwvc3ZnPg==\" class=\"lazyload\" style=\"--smush-placeholder-width: 150px; --smush-placeholder-aspect-ratio: 150\/150;\" \/><\/a><\/figure>\n\n\n\n<figure class=\"wp-block-image\"><a href=\"http:\/\/www.sume.pb.gov.br\/2019\/08\/prefeitura-lanca-edital-para-licitacao-das-lojas-do-shopping\/img_6001\/\"><img decoding=\"async\" data-src=\"http:\/\/www.sume.pb.gov.br\/wp-content\/uploads\/2019\/08\/IMG_6001-150x150.jpg\" alt=\"\" src=\"data:image\/svg+xml;base64,PHN2ZyB3aWR0aD0iMSIgaGVpZ2h0PSIxIiB4bWxucz0iaHR0cDovL3d3dy53My5vcmcvMjAwMC9zdmciPjwvc3ZnPg==\" class=\"lazyload\" style=\"--smush-placeholder-width: 150px; --smush-placeholder-aspect-ratio: 150\/150;\" \/><\/a><\/figure>\n","protected":false},"excerpt":{"rendered":"<p>A Prefeitura de Sum\u00e9 realizou nesta sexta-feira (30), evento para lan\u00e7amento do edital de licita\u00e7\u00e3o das lojas do Shopping que ser\u00e1 inaugurado em breve na&hellip; <\/p>\n","protected":false},"author":1,"featured_media":112905,"comment_status":"closed","ping_status":"closed","sticky":false,"template":"","format":"standard","meta":{"sfsi_plus_gutenberg_text_before_share":"","sfsi_plus_gutenberg_show_text_before_share":"","sfsi_plus_gutenberg_icon_type":"","sfsi_plus_gutenberg_icon_alignemt":"","sfsi_plus_gutenburg_max_per_row":"","footnotes":""},"categories":[50,2],"tags":[],"class_list":["post-112903","post","type-post","status-publish","format-standard","has-post-thumbnail","hentry","category-destaque","category-geral"],"_links":{"self":[{"href":"https:\/\/www.caririemacao.com\/1\/wp-json\/wp\/v2\/posts\/112903","targetHints":{"allow":["GET"]}}],"collection":[{"href":"https:\/\/www.caririemacao.com\/1\/wp-json\/wp\/v2\/posts"}],"about":[{"href":"https:\/\/www.caririemacao.com\/1\/wp-json\/wp\/v2\/types\/post"}],"author":[{"embeddable":true,"href":"https:\/\/www.caririemacao.com\/1\/wp-json\/wp\/v2\/users\/1"}],"replies":[{"embeddable":true,"href":"https:\/\/www.caririemacao.com\/1\/wp-json\/wp\/v2\/comments?post=112903"}],"version-history":[{"count":1,"href":"https:\/\/www.caririemacao.com\/1\/wp-json\/wp\/v2\/posts\/112903\/revisions"}],"predecessor-version":[{"id":112906,"href":"https:\/\/www.caririemacao.com\/1\/wp-json\/wp\/v2\/posts\/112903\/revisions\/112906"}],"wp:featuredmedia":[{"embeddable":true,"href":"https:\/\/www.caririemacao.com\/1\/wp-json\/wp\/v2\/media\/112905"}],"wp:attachment":[{"href":"https:\/\/www.caririemacao.com\/1\/wp-json\/wp\/v2\/media?parent=112903"}],"wp:term":[{"taxonomy":"category","embeddable":true,"href":"https:\/\/www.caririemacao.com\/1\/wp-json\/wp\/v2\/categories?post=112903"},{"taxonomy":"post_tag","embeddable":true,"href":"https:\/\/www.caririemacao.com\/1\/wp-json\/wp\/v2\/tags?post=112903"}],"curies":[{"name":"wp","href":"https:\/\/api.w.org\/{rel}","templated":true}]}}