{"id":112915,"date":"2019-08-30T18:28:24","date_gmt":"2019-08-30T21:28:24","guid":{"rendered":"http:\/\/www.caririemacao.com\/1\/?p=112915"},"modified":"2019-08-30T18:28:24","modified_gmt":"2019-08-30T21:28:24","slug":"senador-veneziano-desmente-boatos-e-confirma-presenca-em-sos-transposicao","status":"publish","type":"post","link":"https:\/\/www.caririemacao.com\/1\/2019\/08\/30\/senador-veneziano-desmente-boatos-e-confirma-presenca-em-sos-transposicao\/","title":{"rendered":"Senador Veneziano desmente boatos e confirma presen\u00e7a em SOS Transposi\u00e7\u00e3o"},"content":{"rendered":"\n<p>Diferentemente do que foi propagado, o senador Veneziano Vital do R\u00eago, do PSB, vai atender a convoca\u00e7\u00e3o feita pelo ex-governador Ricardo Coutinho (PSB) e marcar\u00e1 presen\u00e7a, no pr\u00f3ximo domingo (1\u00ba) no ato SOS Transposi\u00e7\u00e3o. O parlamentar&nbsp;est\u00e1 cobrando somente a continuidade das obras do Eixo Leste, mas do Eixo Norte tamb\u00e9m.<\/p>\n\n\n\n<p>\u201cN\u00f3s estaremos presentes n\u00e3o apenas na condi\u00e7\u00e3o de quem, como representante e filho de Campina Grande, sabe muito bem a import\u00e2ncia da transposi\u00e7\u00e3o para o Cariri, Agreste e mais outros munic\u00edpios paraibanos\u201d, ressaltou.<\/p>\n\n\n\n<p>A confirma\u00e7\u00e3o da presen\u00e7a foi feita \u00e0 imprensa, em entrevista nesta sexta-feira (30) alegando ser o ato muito importante para uni\u00e3o da sociedade.<\/p>\n\n\n\n<p>\u201cA mobiliza\u00e7\u00e3o \u00e9 um instrumento a mais que n\u00f3s temos, al\u00e9m dos posicionamentos nos Parlamentos no \u00e2mbito federal, estadual e municipal. Ent\u00e3o, manifesta\u00e7\u00f5es como essa, da sociedade civil, s\u00e3o muito importantes\u201d, afirmou.<\/p>\n","protected":false},"excerpt":{"rendered":"<p>Diferentemente do que foi propagado, o senador Veneziano Vital do R\u00eago, do PSB, vai atender a convoca\u00e7\u00e3o feita pelo ex-governador Ricardo Coutinho (PSB) e marcar\u00e1&hellip; <\/p>\n","protected":false},"author":1,"featured_media":112917,"comment_status":"closed","ping_status":"closed","sticky":false,"template":"","format":"standard","meta":{"sfsi_plus_gutenberg_text_before_share":"","sfsi_plus_gutenberg_show_text_before_share":"","sfsi_plus_gutenberg_icon_type":"","sfsi_plus_gutenberg_icon_alignemt":"","sfsi_plus_gutenburg_max_per_row":"","footnotes":""},"categories":[11],"tags":[],"class_list":["post-112915","post","type-post","status-publish","format-standard","has-post-thumbnail","hentry","category-politica"],"_links":{"self":[{"href":"https:\/\/www.caririemacao.com\/1\/wp-json\/wp\/v2\/posts\/112915","targetHints":{"allow":["GET"]}}],"collection":[{"href":"https:\/\/www.caririemacao.com\/1\/wp-json\/wp\/v2\/posts"}],"about":[{"href":"https:\/\/www.caririemacao.com\/1\/wp-json\/wp\/v2\/types\/post"}],"author":[{"embeddable":true,"href":"https:\/\/www.caririemacao.com\/1\/wp-json\/wp\/v2\/users\/1"}],"replies":[{"embeddable":true,"href":"https:\/\/www.caririemacao.com\/1\/wp-json\/wp\/v2\/comments?post=112915"}],"version-history":[{"count":1,"href":"https:\/\/www.caririemacao.com\/1\/wp-json\/wp\/v2\/posts\/112915\/revisions"}],"predecessor-version":[{"id":112918,"href":"https:\/\/www.caririemacao.com\/1\/wp-json\/wp\/v2\/posts\/112915\/revisions\/112918"}],"wp:featuredmedia":[{"embeddable":true,"href":"https:\/\/www.caririemacao.com\/1\/wp-json\/wp\/v2\/media\/112917"}],"wp:attachment":[{"href":"https:\/\/www.caririemacao.com\/1\/wp-json\/wp\/v2\/media?parent=112915"}],"wp:term":[{"taxonomy":"category","embeddable":true,"href":"https:\/\/www.caririemacao.com\/1\/wp-json\/wp\/v2\/categories?post=112915"},{"taxonomy":"post_tag","embeddable":true,"href":"https:\/\/www.caririemacao.com\/1\/wp-json\/wp\/v2\/tags?post=112915"}],"curies":[{"name":"wp","href":"https:\/\/api.w.org\/{rel}","templated":true}]}}