{"id":112932,"date":"2019-08-30T18:59:44","date_gmt":"2019-08-30T21:59:44","guid":{"rendered":"http:\/\/www.caririemacao.com\/1\/?p=112932"},"modified":"2019-08-30T18:59:57","modified_gmt":"2019-08-30T21:59:57","slug":"prefeitura-de-zabele-realiza-pagamento-do-funcionalismo-nesta-sexta","status":"publish","type":"post","link":"https:\/\/www.caririemacao.com\/1\/2019\/08\/30\/prefeitura-de-zabele-realiza-pagamento-do-funcionalismo-nesta-sexta\/","title":{"rendered":"Prefeitura de Zabel\u00ea realiza pagamento do funcionalismo nesta sexta"},"content":{"rendered":"\n<p>A prefeitura municipal de Zabel\u00ea atrav\u00e9s da secretaria de finan\u00e7as liberou o pagamento do funcionalismo p\u00fablico nesta sexta-feira (30).<\/p>\n\n\n\n<p>\u201cO pagamento dentro do m\u00eas trabalhado foi um compromisso assumido desde o inicio do nosso governo e sempre honramos gra\u00e7as ao controle financeiro que mantemos sem comprometer os servi\u00e7os b\u00e1sicos e essenciais para nossa popula\u00e7\u00e3o\u201d,disse o prefeito Dalyson Neves.<\/p>\n\n\n\n<p>\u201cOutras obras como por exemplo, obras de pavimenta\u00e7\u00e3o est\u00e3o sendo executadas em diversas ruas da cidade, mesmo com a diminui\u00e7\u00e3o dos repasses nossa cidade avan\u00e7a no rumo certo\u201d, completou o prefeito.<strong>(ASCOM)<\/strong><\/p>\n","protected":false},"excerpt":{"rendered":"<p>A prefeitura municipal de Zabel\u00ea atrav\u00e9s da secretaria de finan\u00e7as liberou o pagamento do funcionalismo p\u00fablico nesta sexta-feira (30). \u201cO pagamento dentro do m\u00eas trabalhado&hellip; <\/p>\n","protected":false},"author":1,"featured_media":77673,"comment_status":"closed","ping_status":"closed","sticky":false,"template":"","format":"standard","meta":{"sfsi_plus_gutenberg_text_before_share":"","sfsi_plus_gutenberg_show_text_before_share":"","sfsi_plus_gutenberg_icon_type":"","sfsi_plus_gutenberg_icon_alignemt":"","sfsi_plus_gutenburg_max_per_row":"","footnotes":""},"categories":[6],"tags":[],"class_list":["post-112932","post","type-post","status-publish","format-standard","has-post-thumbnail","hentry","category-cidades"],"_links":{"self":[{"href":"https:\/\/www.caririemacao.com\/1\/wp-json\/wp\/v2\/posts\/112932","targetHints":{"allow":["GET"]}}],"collection":[{"href":"https:\/\/www.caririemacao.com\/1\/wp-json\/wp\/v2\/posts"}],"about":[{"href":"https:\/\/www.caririemacao.com\/1\/wp-json\/wp\/v2\/types\/post"}],"author":[{"embeddable":true,"href":"https:\/\/www.caririemacao.com\/1\/wp-json\/wp\/v2\/users\/1"}],"replies":[{"embeddable":true,"href":"https:\/\/www.caririemacao.com\/1\/wp-json\/wp\/v2\/comments?post=112932"}],"version-history":[{"count":2,"href":"https:\/\/www.caririemacao.com\/1\/wp-json\/wp\/v2\/posts\/112932\/revisions"}],"predecessor-version":[{"id":112935,"href":"https:\/\/www.caririemacao.com\/1\/wp-json\/wp\/v2\/posts\/112932\/revisions\/112935"}],"wp:featuredmedia":[{"embeddable":true,"href":"https:\/\/www.caririemacao.com\/1\/wp-json\/wp\/v2\/media\/77673"}],"wp:attachment":[{"href":"https:\/\/www.caririemacao.com\/1\/wp-json\/wp\/v2\/media?parent=112932"}],"wp:term":[{"taxonomy":"category","embeddable":true,"href":"https:\/\/www.caririemacao.com\/1\/wp-json\/wp\/v2\/categories?post=112932"},{"taxonomy":"post_tag","embeddable":true,"href":"https:\/\/www.caririemacao.com\/1\/wp-json\/wp\/v2\/tags?post=112932"}],"curies":[{"name":"wp","href":"https:\/\/api.w.org\/{rel}","templated":true}]}}