{"id":112943,"date":"2019-08-31T07:50:05","date_gmt":"2019-08-31T10:50:05","guid":{"rendered":"http:\/\/www.caririemacao.com\/1\/?p=112943"},"modified":"2019-08-31T07:50:05","modified_gmt":"2019-08-31T10:50:05","slug":"jovem-tenta-suicidio-em-ponte-na-cidade-de-monteiro","status":"publish","type":"post","link":"https:\/\/www.caririemacao.com\/1\/2019\/08\/31\/jovem-tenta-suicidio-em-ponte-na-cidade-de-monteiro\/","title":{"rendered":"Jovem tenta suic\u00eddio em ponte na cidade de Monteiro"},"content":{"rendered":"\n<p>Na noite desta sexta-feira (30) na cidade de Monteiro, um jovem tentou se suicidar na ponte do Rio Para\u00edba na entrada da cidade.<\/p>\n\n\n\n<p>O jovem de iniciais B.F de 22 anos cortou os pulsos e amea\u00e7ava se jogar da ponte.<\/p>\n\n\n\n<p>A Policia Militar foi acionada como tamb\u00e9m o SAMU para prestar atendimento no local.<\/p>\n\n\n\n<p>Um fato curioso foi que o jovem disse que s\u00f3 sairia do local com a presen\u00e7a do m\u00e9dico do SAMU Jaques Lafit que segundo ele j\u00e1 lhe atendera em outras oportunidades.<\/p>\n\n\n\n<p>O m\u00e9dico foi acionado pela Central do SAMU e compareceu ao local dando um desfecho feliz para o caso. O jovem foi retirado do local e levado ao Hospital Regional de Monteiro-PB.<\/p>\n\n\n\n<p>Parabenizamos as equipes envolvidas no caso e ao Doutor Jaques Lafit que mesmo estando fora do hor\u00e1rio de atendimento foi sens\u00edvel ao caso e compareceu ao local preservando a vida deste jovem.<\/p>\n\n\n\n<p><strong>COM BLOGDOSANTOSPARAIBA<\/strong><\/p>\n","protected":false},"excerpt":{"rendered":"<p>Na noite desta sexta-feira (30) na cidade de Monteiro, um jovem tentou se suicidar na ponte do Rio Para\u00edba na entrada da cidade. O jovem&hellip; <\/p>\n","protected":false},"author":1,"featured_media":112944,"comment_status":"closed","ping_status":"closed","sticky":false,"template":"","format":"standard","meta":{"sfsi_plus_gutenberg_text_before_share":"","sfsi_plus_gutenberg_show_text_before_share":"","sfsi_plus_gutenberg_icon_type":"","sfsi_plus_gutenberg_icon_alignemt":"","sfsi_plus_gutenburg_max_per_row":"","footnotes":""},"categories":[50,12],"tags":[],"class_list":["post-112943","post","type-post","status-publish","format-standard","has-post-thumbnail","hentry","category-destaque","category-policia"],"_links":{"self":[{"href":"https:\/\/www.caririemacao.com\/1\/wp-json\/wp\/v2\/posts\/112943","targetHints":{"allow":["GET"]}}],"collection":[{"href":"https:\/\/www.caririemacao.com\/1\/wp-json\/wp\/v2\/posts"}],"about":[{"href":"https:\/\/www.caririemacao.com\/1\/wp-json\/wp\/v2\/types\/post"}],"author":[{"embeddable":true,"href":"https:\/\/www.caririemacao.com\/1\/wp-json\/wp\/v2\/users\/1"}],"replies":[{"embeddable":true,"href":"https:\/\/www.caririemacao.com\/1\/wp-json\/wp\/v2\/comments?post=112943"}],"version-history":[{"count":1,"href":"https:\/\/www.caririemacao.com\/1\/wp-json\/wp\/v2\/posts\/112943\/revisions"}],"predecessor-version":[{"id":112945,"href":"https:\/\/www.caririemacao.com\/1\/wp-json\/wp\/v2\/posts\/112943\/revisions\/112945"}],"wp:featuredmedia":[{"embeddable":true,"href":"https:\/\/www.caririemacao.com\/1\/wp-json\/wp\/v2\/media\/112944"}],"wp:attachment":[{"href":"https:\/\/www.caririemacao.com\/1\/wp-json\/wp\/v2\/media?parent=112943"}],"wp:term":[{"taxonomy":"category","embeddable":true,"href":"https:\/\/www.caririemacao.com\/1\/wp-json\/wp\/v2\/categories?post=112943"},{"taxonomy":"post_tag","embeddable":true,"href":"https:\/\/www.caririemacao.com\/1\/wp-json\/wp\/v2\/tags?post=112943"}],"curies":[{"name":"wp","href":"https:\/\/api.w.org\/{rel}","templated":true}]}}