{"id":112956,"date":"2019-08-31T07:57:38","date_gmt":"2019-08-31T10:57:38","guid":{"rendered":"http:\/\/www.caririemacao.com\/1\/?p=112956"},"modified":"2019-08-31T07:57:54","modified_gmt":"2019-08-31T10:57:54","slug":"professor-da-ufcg-em-sume-lanca-livro-sobre-o-ensino-de-geografia-e-educacao-do-campo","status":"publish","type":"post","link":"https:\/\/www.caririemacao.com\/1\/2019\/08\/31\/professor-da-ufcg-em-sume-lanca-livro-sobre-o-ensino-de-geografia-e-educacao-do-campo\/","title":{"rendered":"Professor da UFCG em Sum\u00e9 lan\u00e7a livro sobre o ensino de Geografia e Educa\u00e7\u00e3o do Campo"},"content":{"rendered":"\n<p>Para iniciar as comemora\u00e7\u00f5es dos 10 anos da Licenciatura em Educa\u00e7\u00e3o do Campo do Centro de Desenvolvimento Sustent\u00e1vel do Semi\u00e1rido da Universidade Federal de Campina Grande, ser\u00e1 lan\u00e7ado no pr\u00f3ximo dia 4 de setembro, \u00e0s 19h, no audit\u00f3rio do CDSA, o livro \u201cEnsino de Geografia e Educa\u00e7\u00e3o do Campo: Experi\u00eancias de Metodologias e Pr\u00e1ticas Contextualizadas nas Escolas do Semi\u00e1rido\u201d, organizado pelo professor Fabiano Cust\u00f3dio de Oliveira (CDSA\/UFCG).<\/p>\n\n\n\n<p>O livro apresenta os caminhos na constru\u00e7\u00e3o de um ensino de Geografia contextualizado nas escolas do campo do Semi\u00e1rido Paraibano, apresentando experi\u00eancias de pr\u00e1ticas metodol\u00f3gicas desenvolvidas pelos alunos da Licenciatura em Educa\u00e7\u00e3o do Campo do CDSA, em escolas p\u00fablicas do territ\u00f3rio do Cariri Paraibano, atrav\u00e9s do Laborat\u00f3rio de Ensino de Geografia e Educa\u00e7\u00e3o do Campo \u2013 LEGEMPO \u2013 da Licenciatura em Educa\u00e7\u00e3o do Campo da Universidade Federal de Campina Grande (UFCG), vinculado ao N\u00facleo de Pesquisa em Educa\u00e7\u00e3o do Campo, Forma\u00e7\u00e3o de Professores\/as e Pr\u00e1ticas Pedag\u00f3gicas (NUPEFORP).<\/p>\n\n\n\n<p>As experi\u00eancias relatadas s\u00e3o fruto de projetos de extens\u00e3o, projetos de Inicia\u00e7\u00e3o \u00e0 doc\u00eancia e pesquisa de trabalho de conclus\u00e3o de curso, especificamente na \u00c1rea das Ci\u00eancias Humanas e Sociais da linha de pesquisa Educa\u00e7\u00e3o do Campo e Processos de Ensino-Aprendizagem \u2013 que tem por objetivo investiga\u00e7\u00f5es de metodologias, pr\u00e1ticas educativas e processos de ensino-aprendizagem voltados para a produ\u00e7\u00e3o do conhecimento nas escolas do campo.<\/p>\n\n\n\n<p>As pesquisas descritas mostram o amadurecimento do Ensino de Geografia no \u00e2mbito da Educa\u00e7\u00e3o do Campo que, ao longo dos \u00faltimos 10 anos, vem sendo constru\u00edda atrav\u00e9s de parcerias com as escolas municipais e estaduais dos munic\u00edpios que constituem o territ\u00f3rio do Cariri Paraibano. Essa constru\u00e7\u00e3o est\u00e1 entrela\u00e7ada com a implanta\u00e7\u00e3o do Centro de Desenvolvimento Sustent\u00e1vel do Semi\u00e1rido (CDSA) da Universidade Federal de Campina Grande (UFCG) no munic\u00edpio de Sum\u00e9-PB e com o in\u00edcio das atividades acad\u00eamicas da Licenciatura em Educa\u00e7\u00e3o do Campo, datado de setembro de 2009.<\/p>\n\n\n\n<p>Cada cap\u00edtulo reporta a uma experi\u00eancia realizada no contexto escolar no ensino fundamental, apresentando a produ\u00e7\u00e3o e a experimenta\u00e7\u00e3o de um recurso did\u00e1tico, articulando o Ensino de Geografia, os princ\u00edpios da Educa\u00e7\u00e3o do Campo e o territ\u00f3rio do Semi\u00e1rido. Nessas experi\u00eancias o Ensino de Geografia \u00e9 considerando como um instrumento de constru\u00e7\u00e3o da cidadania plena e condi\u00e7\u00e3o para o desenvolvimento sustent\u00e1vel do Semi\u00e1rido Brasileiro.<\/p>\n\n\n\n<p><em><strong>Sobre o autor<\/strong><\/em><\/p>\n\n\n\n<p>Fabiano Cust\u00f3dio \u00e9 doutor em Planejamento Urbano e Regional, pela Universidade Federal do Rio de Janeiro (2017). Mestre em Geografia pela Universidade Federal da Para\u00edba (2007). Licenciado em Geografia pela Universidade Estadual da Para\u00edba (2004). Atualmente \u00e9 professor da Universidade Federal de Campina Grande \u2013 UFCG e lotado no Centro de Desenvolvimento Sustent\u00e1vel do Semi\u00e1rido \u2013 CDSA \u2013 Sum\u00e9\/PB. \u00c9 coordenador do Laborat\u00f3rio de Ensino de Geografia e Educa\u00e7\u00e3o do Campo (LEGECAMPO). Membro do N\u00facleo de Pesquisa em Educa\u00e7\u00e3o do Campo, Forma\u00e7\u00e3o de Professores\/as e Pr\u00e1ticas Pedag\u00f3gicas (NUPEFORP). \u00c9 professor de Geografia da Licenciatura Interdisciplinar em Educa\u00e7\u00e3o do Campo na \u00c1rea das Ci\u00eancias Humanas e Sociais.<\/p>\n\n\n\n<p>(Rosenato Barreto &#8211; Assimp CDSA\/UFCG)<\/p>\n","protected":false},"excerpt":{"rendered":"<p>Para iniciar as comemora\u00e7\u00f5es dos 10 anos da Licenciatura em Educa\u00e7\u00e3o do Campo do Centro de Desenvolvimento Sustent\u00e1vel do Semi\u00e1rido da Universidade Federal de Campina&hellip; <\/p>\n","protected":false},"author":1,"featured_media":112958,"comment_status":"closed","ping_status":"closed","sticky":false,"template":"","format":"standard","meta":{"sfsi_plus_gutenberg_text_before_share":"","sfsi_plus_gutenberg_show_text_before_share":"","sfsi_plus_gutenberg_icon_type":"","sfsi_plus_gutenberg_icon_alignemt":"","sfsi_plus_gutenburg_max_per_row":"","footnotes":""},"categories":[50,14],"tags":[],"class_list":["post-112956","post","type-post","status-publish","format-standard","has-post-thumbnail","hentry","category-destaque","category-educacao"],"_links":{"self":[{"href":"https:\/\/www.caririemacao.com\/1\/wp-json\/wp\/v2\/posts\/112956","targetHints":{"allow":["GET"]}}],"collection":[{"href":"https:\/\/www.caririemacao.com\/1\/wp-json\/wp\/v2\/posts"}],"about":[{"href":"https:\/\/www.caririemacao.com\/1\/wp-json\/wp\/v2\/types\/post"}],"author":[{"embeddable":true,"href":"https:\/\/www.caririemacao.com\/1\/wp-json\/wp\/v2\/users\/1"}],"replies":[{"embeddable":true,"href":"https:\/\/www.caririemacao.com\/1\/wp-json\/wp\/v2\/comments?post=112956"}],"version-history":[{"count":1,"href":"https:\/\/www.caririemacao.com\/1\/wp-json\/wp\/v2\/posts\/112956\/revisions"}],"predecessor-version":[{"id":112959,"href":"https:\/\/www.caririemacao.com\/1\/wp-json\/wp\/v2\/posts\/112956\/revisions\/112959"}],"wp:featuredmedia":[{"embeddable":true,"href":"https:\/\/www.caririemacao.com\/1\/wp-json\/wp\/v2\/media\/112958"}],"wp:attachment":[{"href":"https:\/\/www.caririemacao.com\/1\/wp-json\/wp\/v2\/media?parent=112956"}],"wp:term":[{"taxonomy":"category","embeddable":true,"href":"https:\/\/www.caririemacao.com\/1\/wp-json\/wp\/v2\/categories?post=112956"},{"taxonomy":"post_tag","embeddable":true,"href":"https:\/\/www.caririemacao.com\/1\/wp-json\/wp\/v2\/tags?post=112956"}],"curies":[{"name":"wp","href":"https:\/\/api.w.org\/{rel}","templated":true}]}}