{"id":112964,"date":"2019-08-31T08:00:18","date_gmt":"2019-08-31T11:00:18","guid":{"rendered":"http:\/\/www.caririemacao.com\/1\/?p=112964"},"modified":"2019-08-31T08:00:18","modified_gmt":"2019-08-31T11:00:18","slug":"prefeitura-de-amparo-realizou-pagamento-de-servidores-municipais-nesta-sexta","status":"publish","type":"post","link":"https:\/\/www.caririemacao.com\/1\/2019\/08\/31\/prefeitura-de-amparo-realizou-pagamento-de-servidores-municipais-nesta-sexta\/","title":{"rendered":"Prefeitura de Amparo realizou pagamento de servidores municipais nesta sexta"},"content":{"rendered":"\n<p>A Prefeitura de Amparo efetuou nesta sexta-feira (30), o pagamento relacionado ao m\u00eas de agosto da folha salarial dos servidores municipais.<br>De acordo com o prefeito In\u00e1cio N\u00f3brega, a gest\u00e3o municipal est\u00e1 cumprindo com os compromissos assumidos com os trabalhadores (as), pagando rigorosamente em dia, demonstrando a valoriza\u00e7\u00e3o dos servidores.<br>O repasse foi feito na manh\u00e3 desta sexta feira (30), ao banco respons\u00e1vel e a previs\u00e3o era de que o dinheiro j\u00e1 estivesse dispon\u00edvel nas contas dos servidores no per\u00edodo da tarde.<br><strong>Com Amparo Ligado<\/strong><\/p>\n","protected":false},"excerpt":{"rendered":"<p>A Prefeitura de Amparo efetuou nesta sexta-feira (30), o pagamento relacionado ao m\u00eas de agosto da folha salarial dos servidores municipais.De acordo com o prefeito&hellip; <\/p>\n","protected":false},"author":1,"featured_media":112966,"comment_status":"closed","ping_status":"closed","sticky":false,"template":"","format":"standard","meta":{"sfsi_plus_gutenberg_text_before_share":"","sfsi_plus_gutenberg_show_text_before_share":"","sfsi_plus_gutenberg_icon_type":"","sfsi_plus_gutenberg_icon_alignemt":"","sfsi_plus_gutenburg_max_per_row":"","footnotes":""},"categories":[6],"tags":[],"class_list":["post-112964","post","type-post","status-publish","format-standard","has-post-thumbnail","hentry","category-cidades"],"_links":{"self":[{"href":"https:\/\/www.caririemacao.com\/1\/wp-json\/wp\/v2\/posts\/112964","targetHints":{"allow":["GET"]}}],"collection":[{"href":"https:\/\/www.caririemacao.com\/1\/wp-json\/wp\/v2\/posts"}],"about":[{"href":"https:\/\/www.caririemacao.com\/1\/wp-json\/wp\/v2\/types\/post"}],"author":[{"embeddable":true,"href":"https:\/\/www.caririemacao.com\/1\/wp-json\/wp\/v2\/users\/1"}],"replies":[{"embeddable":true,"href":"https:\/\/www.caririemacao.com\/1\/wp-json\/wp\/v2\/comments?post=112964"}],"version-history":[{"count":1,"href":"https:\/\/www.caririemacao.com\/1\/wp-json\/wp\/v2\/posts\/112964\/revisions"}],"predecessor-version":[{"id":112967,"href":"https:\/\/www.caririemacao.com\/1\/wp-json\/wp\/v2\/posts\/112964\/revisions\/112967"}],"wp:featuredmedia":[{"embeddable":true,"href":"https:\/\/www.caririemacao.com\/1\/wp-json\/wp\/v2\/media\/112966"}],"wp:attachment":[{"href":"https:\/\/www.caririemacao.com\/1\/wp-json\/wp\/v2\/media?parent=112964"}],"wp:term":[{"taxonomy":"category","embeddable":true,"href":"https:\/\/www.caririemacao.com\/1\/wp-json\/wp\/v2\/categories?post=112964"},{"taxonomy":"post_tag","embeddable":true,"href":"https:\/\/www.caririemacao.com\/1\/wp-json\/wp\/v2\/tags?post=112964"}],"curies":[{"name":"wp","href":"https:\/\/api.w.org\/{rel}","templated":true}]}}