{"id":112971,"date":"2019-08-31T08:05:54","date_gmt":"2019-08-31T11:05:54","guid":{"rendered":"http:\/\/www.caririemacao.com\/1\/?p=112971"},"modified":"2019-08-31T08:05:54","modified_gmt":"2019-08-31T11:05:54","slug":"ufpb-tem-28-vagas-de-mestrado-e-doutorado-com-inscricoes-em-outubro","status":"publish","type":"post","link":"https:\/\/www.caririemacao.com\/1\/2019\/08\/31\/ufpb-tem-28-vagas-de-mestrado-e-doutorado-com-inscricoes-em-outubro\/","title":{"rendered":"UFPB tem 28 vagas de mestrado e doutorado com inscri\u00e7\u00f5es em outubro"},"content":{"rendered":"\n<p>O Programa de P\u00f3s-Gradua\u00e7\u00e3o em Modelos de Decis\u00e3o e Sa\u00fade (PPGMDS) da Universidade Federal da Para\u00edba (UFPB) abriu 28 vagas, sendo 17 para mestrado e 11 para doutorado.<\/p>\n\n\n\n<p>As inscri\u00e7\u00f5es para a sele\u00e7\u00e3o devem ser realizadas de 2 a 8 de outubro. A taxa de inscri\u00e7\u00e3o custa R$85 e a solicita\u00e7\u00e3o de isen\u00e7\u00e3o deve ser feita de 2 a 16 de setembro.<\/p>\n\n\n\n<p>Segundo os&nbsp;<a href=\"https:\/\/sigaa.ufpb.br\/sigaa\/public\/programa\/portal.jsf?id=1895\">editais<\/a>, 20% das vagas ser\u00e3o destinadas a candidatos autodeclarados ou oriundos da popula\u00e7\u00e3o negra, ind\u00edgena e comunidades tradicionais e pessoas com defici\u00eancia.<\/p>\n\n\n\n<p>De acordo com o programa, os projetos devem atender a uma destas duas linhas de pesquisa: \u201cModelos de Decis\u00e3o\u201d e \u201cModelos em Sa\u00fade\u201d.<\/p>\n\n\n\n<p>As sele\u00e7\u00f5es ser\u00e3o compostas de duas etapas. A primeira \u00e9 a an\u00e1lise de t\u00edtulos e avalia\u00e7\u00e3o de curr\u00edculos e a segunda, avalia\u00e7\u00e3o dos projetos de pesquisa.&nbsp;O resultado ser\u00e1 divulgado no dia 22 de novembro, no&nbsp;<a href=\"https:\/\/sigaa.ufpb.br\/sigaa\/public\/programa\/portal.jsf?id=1895\">site<\/a>&nbsp;do programa.<\/p>\n\n\n\n<p><strong>MaisPB<\/strong><\/p>\n","protected":false},"excerpt":{"rendered":"<p>O Programa de P\u00f3s-Gradua\u00e7\u00e3o em Modelos de Decis\u00e3o e Sa\u00fade (PPGMDS) da Universidade Federal da Para\u00edba (UFPB) abriu 28 vagas, sendo 17 para mestrado e&hellip; <\/p>\n","protected":false},"author":1,"featured_media":96618,"comment_status":"closed","ping_status":"closed","sticky":false,"template":"","format":"standard","meta":{"sfsi_plus_gutenberg_text_before_share":"","sfsi_plus_gutenberg_show_text_before_share":"","sfsi_plus_gutenberg_icon_type":"","sfsi_plus_gutenberg_icon_alignemt":"","sfsi_plus_gutenburg_max_per_row":"","footnotes":""},"categories":[14],"tags":[],"class_list":["post-112971","post","type-post","status-publish","format-standard","has-post-thumbnail","hentry","category-educacao"],"_links":{"self":[{"href":"https:\/\/www.caririemacao.com\/1\/wp-json\/wp\/v2\/posts\/112971","targetHints":{"allow":["GET"]}}],"collection":[{"href":"https:\/\/www.caririemacao.com\/1\/wp-json\/wp\/v2\/posts"}],"about":[{"href":"https:\/\/www.caririemacao.com\/1\/wp-json\/wp\/v2\/types\/post"}],"author":[{"embeddable":true,"href":"https:\/\/www.caririemacao.com\/1\/wp-json\/wp\/v2\/users\/1"}],"replies":[{"embeddable":true,"href":"https:\/\/www.caririemacao.com\/1\/wp-json\/wp\/v2\/comments?post=112971"}],"version-history":[{"count":1,"href":"https:\/\/www.caririemacao.com\/1\/wp-json\/wp\/v2\/posts\/112971\/revisions"}],"predecessor-version":[{"id":112974,"href":"https:\/\/www.caririemacao.com\/1\/wp-json\/wp\/v2\/posts\/112971\/revisions\/112974"}],"wp:featuredmedia":[{"embeddable":true,"href":"https:\/\/www.caririemacao.com\/1\/wp-json\/wp\/v2\/media\/96618"}],"wp:attachment":[{"href":"https:\/\/www.caririemacao.com\/1\/wp-json\/wp\/v2\/media?parent=112971"}],"wp:term":[{"taxonomy":"category","embeddable":true,"href":"https:\/\/www.caririemacao.com\/1\/wp-json\/wp\/v2\/categories?post=112971"},{"taxonomy":"post_tag","embeddable":true,"href":"https:\/\/www.caririemacao.com\/1\/wp-json\/wp\/v2\/tags?post=112971"}],"curies":[{"name":"wp","href":"https:\/\/api.w.org\/{rel}","templated":true}]}}