{"id":112994,"date":"2019-08-31T08:46:38","date_gmt":"2019-08-31T11:46:38","guid":{"rendered":"http:\/\/www.caririemacao.com\/1\/?p=112994"},"modified":"2019-08-31T08:46:38","modified_gmt":"2019-08-31T11:46:38","slug":"prefeituras-paraibanas-inscrevem-para-concurso-e-selecao-ate-este-domingo","status":"publish","type":"post","link":"https:\/\/www.caririemacao.com\/1\/2019\/08\/31\/prefeituras-paraibanas-inscrevem-para-concurso-e-selecao-ate-este-domingo\/","title":{"rendered":"Prefeituras paraibanas inscrevem para concurso e sele\u00e7\u00e3o at\u00e9 este domingo"},"content":{"rendered":"\n<p>Duas Prefeituras paraibanas inscrevem para concurso&nbsp;e sele\u00e7\u00e3o at\u00e9 este domingo (1\u00ba). Ao todo s\u00e3o oferecidas 84&nbsp;vagas com sal\u00e1rios de at\u00e9 R$ 10 mil&nbsp;para todos os n\u00edveis de escolaridade.&nbsp;<\/p>\n\n\n\n<p>Os interessados devem se inscrever atrav\u00e9s das empresas organizadoras dos certames.<\/p>\n\n\n\n<p><strong>Confira<\/strong><\/p>\n\n\n\n<p><strong>Prefeitura de Brejo do Cruz<\/strong><\/p>\n\n\n\n<p>A Prefeitura de Brejo do Cruz oferece 41 vagas para o concurso p\u00fablico com sal\u00e1rios que variam entre&nbsp;R$ 998 a R$ 3 mil.<\/p>\n\n\n\n<p>As inscri\u00e7\u00f5es devem ser realizadas at\u00e9 o dia 1\u00b0 de setembro,&nbsp;<a href=\"http:\/\/apiceconsultoria.com\/inscricoes\/internet.php?id=49\">atrav\u00e9s do site da empresa organizadora.<\/a>&nbsp;As taxas de inscri\u00e7\u00f5es variam entre&nbsp;R$ 65 (fundamental), R$ 80 (m\u00e9dio e t\u00e9cnico) e R$ 95 (superior).<\/p>\n\n\n\n<p>As provas devem acontecer no dia&nbsp;6 de outubro.<\/p>\n\n\n\n<p><a href=\"https:\/\/www.clickpb.com.br\/media\/filer_public\/31\/3f\/313ffa64-d4f9-435e-ab5b-9404e060d41d\/concurso_brejo_do_cruz_pb.pdf\">Edital do concurso da Prefeitura de Brejo do Cruz<\/a><\/p>\n\n\n\n<p><strong>Prefeitura de V\u00e1rzea<\/strong><\/p>\n\n\n\n<p>A Prefeitura de V\u00e1rzea realiza sele\u00e7\u00e3o com 43 vagas e sal\u00e1rios que variam entre&nbsp;R$ 998 a R$ 10 mil. Os interessados devem se inscrever at\u00e9 o dia 1\u00b0 de setembro&nbsp;<a href=\"https:\/\/educapb.com.br\/\">atrav\u00e9s do site da empresa organizadora.<\/a><\/p>\n\n\n\n<p>As taxas de inscri\u00e7\u00f5es variam entre R$ 40 (fundamental), R$ 50 (m\u00e9dio\/t\u00e9cnico) e R$ 90 (superior).<\/p>\n\n\n\n<p>As provas devem ser realizadas no dia 29 de setembro.<\/p>\n\n\n\n<p><a href=\"https:\/\/www.clickpb.com.br\/media\/filer_public\/7e\/f3\/7ef390a3-e30f-48dd-ae1f-7e5f8ae29c7c\/retificacao-de-edital-no-02-varzea-inscrcicoes-prorrogadas.pdf\">Edital da sele\u00e7\u00e3o da Prefeitura de V\u00e1rzea<\/a><\/p>\n","protected":false},"excerpt":{"rendered":"<p>Duas Prefeituras paraibanas inscrevem para concurso&nbsp;e sele\u00e7\u00e3o at\u00e9 este domingo (1\u00ba). Ao todo s\u00e3o oferecidas 84&nbsp;vagas com sal\u00e1rios de at\u00e9 R$ 10 mil&nbsp;para todos os&hellip; <\/p>\n","protected":false},"author":1,"featured_media":69253,"comment_status":"closed","ping_status":"closed","sticky":false,"template":"","format":"standard","meta":{"sfsi_plus_gutenberg_text_before_share":"","sfsi_plus_gutenberg_show_text_before_share":"","sfsi_plus_gutenberg_icon_type":"","sfsi_plus_gutenberg_icon_alignemt":"","sfsi_plus_gutenburg_max_per_row":"","footnotes":""},"categories":[2],"tags":[],"class_list":["post-112994","post","type-post","status-publish","format-standard","has-post-thumbnail","hentry","category-geral"],"_links":{"self":[{"href":"https:\/\/www.caririemacao.com\/1\/wp-json\/wp\/v2\/posts\/112994","targetHints":{"allow":["GET"]}}],"collection":[{"href":"https:\/\/www.caririemacao.com\/1\/wp-json\/wp\/v2\/posts"}],"about":[{"href":"https:\/\/www.caririemacao.com\/1\/wp-json\/wp\/v2\/types\/post"}],"author":[{"embeddable":true,"href":"https:\/\/www.caririemacao.com\/1\/wp-json\/wp\/v2\/users\/1"}],"replies":[{"embeddable":true,"href":"https:\/\/www.caririemacao.com\/1\/wp-json\/wp\/v2\/comments?post=112994"}],"version-history":[{"count":1,"href":"https:\/\/www.caririemacao.com\/1\/wp-json\/wp\/v2\/posts\/112994\/revisions"}],"predecessor-version":[{"id":112996,"href":"https:\/\/www.caririemacao.com\/1\/wp-json\/wp\/v2\/posts\/112994\/revisions\/112996"}],"wp:featuredmedia":[{"embeddable":true,"href":"https:\/\/www.caririemacao.com\/1\/wp-json\/wp\/v2\/media\/69253"}],"wp:attachment":[{"href":"https:\/\/www.caririemacao.com\/1\/wp-json\/wp\/v2\/media?parent=112994"}],"wp:term":[{"taxonomy":"category","embeddable":true,"href":"https:\/\/www.caririemacao.com\/1\/wp-json\/wp\/v2\/categories?post=112994"},{"taxonomy":"post_tag","embeddable":true,"href":"https:\/\/www.caririemacao.com\/1\/wp-json\/wp\/v2\/tags?post=112994"}],"curies":[{"name":"wp","href":"https:\/\/api.w.org\/{rel}","templated":true}]}}