{"id":113010,"date":"2019-08-31T08:52:10","date_gmt":"2019-08-31T11:52:10","guid":{"rendered":"http:\/\/www.caririemacao.com\/1\/?p=113010"},"modified":"2019-08-31T08:52:10","modified_gmt":"2019-08-31T11:52:10","slug":"governo-prepara-ampliacao-de-limites-para-microcredito-no-pais","status":"publish","type":"post","link":"https:\/\/www.caririemacao.com\/1\/2019\/08\/31\/governo-prepara-ampliacao-de-limites-para-microcredito-no-pais\/","title":{"rendered":"Governo prepara amplia\u00e7\u00e3o de limites para microcr\u00e9dito no pa\u00eds"},"content":{"rendered":"\n<figure class=\"wp-block-image\"><img decoding=\"async\" data-src=\"https:\/\/thumbor.clickpb.com.br\/RXUuQIfbIIkWsYjTi83V7SVZHhU=\/876x585\/top\/smart\/www.clickpb.com.br\/media\/filer_public\/43\/ed\/43edbe95-c1ac-46f1-8f47-f3c5e7212555\/cartao_e_dinheiro.jpg\" alt=\"\" src=\"data:image\/svg+xml;base64,PHN2ZyB3aWR0aD0iMSIgaGVpZ2h0PSIxIiB4bWxucz0iaHR0cDovL3d3dy53My5vcmcvMjAwMC9zdmciPjwvc3ZnPg==\" class=\"lazyload\" \/><figcaption>De acordo com o discutido pelo governo, o teto de renda ou faturamento seria elevado para R$ 500 mil por ano (Foto: Reprodu\u00e7\u00e3o)<\/figcaption><\/figure>\n\n\n\n<p>BRAS\u00cdLIA, DF (FOLHAPRESS) &#8211; Para tentar acelerar a atividade econ\u00f4mica, o governo prepara medidas para elevar o uso do microcr\u00e9dito no pa\u00eds. A inten\u00e7\u00e3o \u00e9 ampliar j\u00e1 neste ano o p\u00fablico apto a usar a modalidade, voltada a pequenos empreendedores, e facilitar o acesso de benefici\u00e1rios do Bolsa Fam\u00edlia a ela.<\/p>\n\n\n\n<p>O plano em discuss\u00e3o no Minist\u00e9rio da Economia \u00e9 levar o assunto para decis\u00e3o do CMN (Conselho Monet\u00e1rio Nacional) com objetivo de elevar o teto de renda e receita bruta do p\u00fablico que pode receber os empr\u00e9stimos.<\/p>\n\n\n\n<p>De acordo com o discutido pelo governo, o teto de renda ou faturamento seria elevado para R$ 500 mil por ano (hoje, o limite \u00e9 de R$ 200 mil).<\/p>\n\n\n\n<p>O microcr\u00e9dito \u00e9 um tipo de empr\u00e9stimo destinado \u00e0s pessoas f\u00edsicas que desejam abrir a pr\u00f3pria empresa. Pode ser destinado tamb\u00e9m \u00e0s pessoas jur\u00eddicas que t\u00eam inten\u00e7\u00f5es de ampliar o neg\u00f3cio ou investir em itens como novos equipamentos.<\/p>\n\n\n\n<p>As vantagens em rela\u00e7\u00e3o ao empr\u00e9stimo tradicional s\u00e3o as taxas de juros mais baixas e a menor burocracia para a contrata\u00e7\u00e3o. Por outro lado, o valor oferecido pelos bancos costuma ser menor. Na Caixa, por exemplo, a linha do microcr\u00e9dito produtivo fica entre R$ 300 e R$ 15 mil. No BNDES (Banco Nacional de Desenvolvimento Econ\u00f4mico e Social), o limite \u00e9 de R$ 20 mil.<\/p>\n\n\n\n<p>Em outra frente, o presidente do Banco Central, Roberto Campos Neto, prepara a amplia\u00e7\u00e3o do percentual obrigat\u00f3rio a ser destinado pelos bancos ao chamado microcr\u00e9dito produtivo orientado (ou MPO, modalidade que tem um conjunto de regras mais espec\u00edficas, como um teto para a taxa de juros).<\/p>\n\n\n\n<p>Atualmente, o piso a ser destinado ao MPO est\u00e1 fixado pela legisla\u00e7\u00e3o desde 2003 em 2% da m\u00e9dia dos saldos dos dep\u00f3sitos \u00e0 vista captados pelas institui\u00e7\u00f5es.<\/p>\n\n\n\n<p>As diretrizes do governo para o microcr\u00e9dito incluem ainda ampliar a oferta e expandir garantias para a modalidade. Na vis\u00e3o do BC, o instrumento tem potencial de diminuir o \u00edndice de desemprego no pa\u00eds.<\/p>\n\n\n\n<p>Tamb\u00e9m \u00e9 discutido com o ministro da Cidadania, Osmar Terra, uma forma de ampliar o programa de acesso ao microcr\u00e9dito para benefici\u00e1rios do Bolsa Fam\u00edlia.<\/p>\n\n\n\n<p>Desde 2017, a lei d\u00e1 prioridade aos benefici\u00e1rios de programas sociais no recebimento dos recursos. O objetivo da medida foi estimular a popula\u00e7\u00e3o de baixa renda a conquistar autonomia financeira ao obter renda suficiente para deixar o programa.<\/p>\n\n\n\n<p>Al\u00e9m disso, o governo estuda ampliar a possibilidade de trabalhadores se tornarem microempreendedores individuais (MEI) e acessarem os recursos. Entre as categorias estudadas, est\u00e1 a dos vendedores ambulantes. Neste m\u00eas, motoristas de aplicativos passaram a ter essa possibilidade. Mais de 1,5 mil profissionais j\u00e1 se cadastraram como MEI, segundo o Minist\u00e9rio da Economia.<\/p>\n\n\n\n<p>O governo tem feito um esfor\u00e7o para estimular o cr\u00e9dito de pequeno porte no pa\u00eds desde o primeiro semestre. Uma resolu\u00e7\u00e3o aprovada pelo CMN em mar\u00e7o aumentou os limites de renda anual do p\u00fablico-alvo de R$ 120 mil para R$ 200 mil. Al\u00e9m disso, o valor concedido nas opera\u00e7\u00f5es passou de R$ 15 mil para R$ 21 mil.<\/p>\n","protected":false},"excerpt":{"rendered":"<p>BRAS\u00cdLIA, DF (FOLHAPRESS) &#8211; Para tentar acelerar a atividade econ\u00f4mica, o governo prepara medidas para elevar o uso do microcr\u00e9dito no pa\u00eds. A inten\u00e7\u00e3o \u00e9&hellip; <\/p>\n","protected":false},"author":1,"featured_media":38013,"comment_status":"closed","ping_status":"closed","sticky":false,"template":"","format":"standard","meta":{"sfsi_plus_gutenberg_text_before_share":"","sfsi_plus_gutenberg_show_text_before_share":"","sfsi_plus_gutenberg_icon_type":"","sfsi_plus_gutenberg_icon_alignemt":"","sfsi_plus_gutenburg_max_per_row":"","footnotes":""},"categories":[11],"tags":[],"class_list":["post-113010","post","type-post","status-publish","format-standard","has-post-thumbnail","hentry","category-politica"],"_links":{"self":[{"href":"https:\/\/www.caririemacao.com\/1\/wp-json\/wp\/v2\/posts\/113010","targetHints":{"allow":["GET"]}}],"collection":[{"href":"https:\/\/www.caririemacao.com\/1\/wp-json\/wp\/v2\/posts"}],"about":[{"href":"https:\/\/www.caririemacao.com\/1\/wp-json\/wp\/v2\/types\/post"}],"author":[{"embeddable":true,"href":"https:\/\/www.caririemacao.com\/1\/wp-json\/wp\/v2\/users\/1"}],"replies":[{"embeddable":true,"href":"https:\/\/www.caririemacao.com\/1\/wp-json\/wp\/v2\/comments?post=113010"}],"version-history":[{"count":1,"href":"https:\/\/www.caririemacao.com\/1\/wp-json\/wp\/v2\/posts\/113010\/revisions"}],"predecessor-version":[{"id":113012,"href":"https:\/\/www.caririemacao.com\/1\/wp-json\/wp\/v2\/posts\/113010\/revisions\/113012"}],"wp:featuredmedia":[{"embeddable":true,"href":"https:\/\/www.caririemacao.com\/1\/wp-json\/wp\/v2\/media\/38013"}],"wp:attachment":[{"href":"https:\/\/www.caririemacao.com\/1\/wp-json\/wp\/v2\/media?parent=113010"}],"wp:term":[{"taxonomy":"category","embeddable":true,"href":"https:\/\/www.caririemacao.com\/1\/wp-json\/wp\/v2\/categories?post=113010"},{"taxonomy":"post_tag","embeddable":true,"href":"https:\/\/www.caririemacao.com\/1\/wp-json\/wp\/v2\/tags?post=113010"}],"curies":[{"name":"wp","href":"https:\/\/api.w.org\/{rel}","templated":true}]}}