{"id":113026,"date":"2019-08-31T09:03:58","date_gmt":"2019-08-31T12:03:58","guid":{"rendered":"http:\/\/www.caririemacao.com\/1\/?p=113026"},"modified":"2019-08-31T09:03:58","modified_gmt":"2019-08-31T12:03:58","slug":"especialista-atribui-surto-de-sarampo-a-falta-de-vacinacao-no-brasil","status":"publish","type":"post","link":"https:\/\/www.caririemacao.com\/1\/2019\/08\/31\/especialista-atribui-surto-de-sarampo-a-falta-de-vacinacao-no-brasil\/","title":{"rendered":"Especialista atribui surto de Sarampo \u00e0 falta de vacina\u00e7\u00e3o no Brasil"},"content":{"rendered":"\n<p>O Brasil tem apresentado o ressurgimento de algumas doen\u00e7as, e dentre elas o Sarampo, considerada erradicada no pa\u00eds desde 2016.<\/p>\n\n\n\n<p>Sobre o assunto, a doutora Socorro Martins, membro da Sociedade Brasileira de Pediatria, em entrevista veiculada pela R\u00e1dio Campina FM, abordou sobre o assunto com mais detalhes.<\/p>\n\n\n\n<p>A especialista em imuniza\u00e7\u00e3o, explicou que o reaparecimento da doen\u00e7a no Brasil, seria resultado de uma desaten\u00e7\u00e3o por parte popula\u00e7\u00e3o, no que diz respeito \u00e0 vacina\u00e7\u00e3o, em especial das crian\u00e7as.<\/p>\n\n\n\n<p>\u2013 Come\u00e7ou a aparecer casos, que n\u00f3s chamamos de importados, l\u00e1 no Norte do pa\u00eds, vindos da Venezuela, depois apareceu no Sul do pa\u00eds. Em pouco tempo o v\u00edrus est\u00e1 circulando pelo pa\u00eds todo e, infelizmente, a doen\u00e7a come\u00e7ou a se alastrar \u2013 explicou.<\/p>\n\n\n\n<p>Al\u00e9m disso, a m\u00e9dica explicou que como a doen\u00e7a foi erradicada h\u00e1 um tempo, a falta de informa\u00e7\u00e3o sobre o Sarampo, e as infelizes campanhas anti-vacina\u00e7\u00e3o disseminadas indiscriminadamente, preparam o campo para circula\u00e7\u00e3o do v\u00edrus.<\/p>\n\n\n\n<p>\u2013 Eu fa\u00e7o esse apelo \u00e0 todos os meios de comunica\u00e7\u00e3o, para que abracem essa causa, com esse esfor\u00e7o que Minist\u00e9rio da Sa\u00fade est\u00e1 fazendo para conter a doen\u00e7a \u2013 enfatizou.<\/p>\n\n\n\n<p>O Sarampo \u00e9 marcado pela presen\u00e7a de problemas respirat\u00f3rios, febre alta, aparecimento de conjuntivite e manchas espalhadas por todo o corpo.<\/p>\n","protected":false},"excerpt":{"rendered":"<p>O Brasil tem apresentado o ressurgimento de algumas doen\u00e7as, e dentre elas o Sarampo, considerada erradicada no pa\u00eds desde 2016. Sobre o assunto, a doutora&hellip; <\/p>\n","protected":false},"author":1,"featured_media":113028,"comment_status":"closed","ping_status":"closed","sticky":false,"template":"","format":"standard","meta":{"sfsi_plus_gutenberg_text_before_share":"","sfsi_plus_gutenberg_show_text_before_share":"","sfsi_plus_gutenberg_icon_type":"","sfsi_plus_gutenberg_icon_alignemt":"","sfsi_plus_gutenburg_max_per_row":"","footnotes":""},"categories":[16],"tags":[],"class_list":["post-113026","post","type-post","status-publish","format-standard","has-post-thumbnail","hentry","category-saude"],"_links":{"self":[{"href":"https:\/\/www.caririemacao.com\/1\/wp-json\/wp\/v2\/posts\/113026","targetHints":{"allow":["GET"]}}],"collection":[{"href":"https:\/\/www.caririemacao.com\/1\/wp-json\/wp\/v2\/posts"}],"about":[{"href":"https:\/\/www.caririemacao.com\/1\/wp-json\/wp\/v2\/types\/post"}],"author":[{"embeddable":true,"href":"https:\/\/www.caririemacao.com\/1\/wp-json\/wp\/v2\/users\/1"}],"replies":[{"embeddable":true,"href":"https:\/\/www.caririemacao.com\/1\/wp-json\/wp\/v2\/comments?post=113026"}],"version-history":[{"count":1,"href":"https:\/\/www.caririemacao.com\/1\/wp-json\/wp\/v2\/posts\/113026\/revisions"}],"predecessor-version":[{"id":113029,"href":"https:\/\/www.caririemacao.com\/1\/wp-json\/wp\/v2\/posts\/113026\/revisions\/113029"}],"wp:featuredmedia":[{"embeddable":true,"href":"https:\/\/www.caririemacao.com\/1\/wp-json\/wp\/v2\/media\/113028"}],"wp:attachment":[{"href":"https:\/\/www.caririemacao.com\/1\/wp-json\/wp\/v2\/media?parent=113026"}],"wp:term":[{"taxonomy":"category","embeddable":true,"href":"https:\/\/www.caririemacao.com\/1\/wp-json\/wp\/v2\/categories?post=113026"},{"taxonomy":"post_tag","embeddable":true,"href":"https:\/\/www.caririemacao.com\/1\/wp-json\/wp\/v2\/tags?post=113026"}],"curies":[{"name":"wp","href":"https:\/\/api.w.org\/{rel}","templated":true}]}}