{"id":113046,"date":"2019-08-31T12:01:44","date_gmt":"2019-08-31T15:01:44","guid":{"rendered":"http:\/\/www.caririemacao.com\/1\/?p=113046"},"modified":"2019-08-31T12:01:44","modified_gmt":"2019-08-31T15:01:44","slug":"homem-tenta-invadir-o-senado-para-esfaquear-bolsonaro-lula-e-ciro-e-e-preso","status":"publish","type":"post","link":"https:\/\/www.caririemacao.com\/1\/2019\/08\/31\/homem-tenta-invadir-o-senado-para-esfaquear-bolsonaro-lula-e-ciro-e-e-preso\/","title":{"rendered":"Homem tenta invadir o Senado para esfaquear Bolsonaro, Lula e Ciro e \u00e9 preso"},"content":{"rendered":"\n<p>Um homem foi preso na \u00faltima quinta-feira enquanto tentava invadir o Senado. Ele planejava esfaquear o presidente Jair Bolsonaro, o ex-presidente Lula e o ex-governador do Cear\u00e1, Ciro Gomes. Ele foi imobilizado pela Pol\u00edcia Legislativa, segundo a r\u00e1dio Jovem Pan, ao tentar quebrar uma porta de vidro do local.<\/p>\n\n\n\n<p>Em um v\u00eddeo divulgado nas redes sociais, o homem, que n\u00e3o teve a identidade revelada, tamb\u00e9m afirmou que desejava esfaquear o deputado Marco Feliciano (Podemos-SP) e \u201ctodos os outros pol\u00edticos\u201d.<\/p>\n\n\n\n<p>\u201cEu estou aqui pensando por que devo comprar uma faca de R$ 54 se eu tenho uma faca aqui em casa de gra\u00e7a. Eu tenho duas. Essa daqui, s\u00f3 precisa amolar. Vamos ver se ele [Bolsonaro] aguenta outra facada real. N\u00e3o s\u00f3 o Bolsonaro, como Lula, Ciro Gomes, Marco Feliciano e todos os outros pol\u00edticos\u201d, disse o homem na grava\u00e7\u00e3o divulgada por Feliciano no Twitter.<\/p>\n\n\n\n<p>\u201cEu t\u00f4 esperando achar a agenda do Bolsonaro para matar ele. Bora ver se ele vai resistir a uma facada real. A afirmativa n\u00e3o \u00e9 se v\u00e3o ou n\u00e3o morrer, \u00e9 quando voc\u00eas v\u00e3o morrer, isso eu j\u00e1 tenho certeza. Enquanto voc\u00eas n\u00e3o me matarem, eu vou matar voc\u00eas. Pode me internar, pode me prender, uma hora eu saio e mato voc\u00eas\u201d, completou.<\/p>\n","protected":false},"excerpt":{"rendered":"<p>Um homem foi preso na \u00faltima quinta-feira enquanto tentava invadir o Senado. Ele planejava esfaquear o presidente Jair Bolsonaro, o ex-presidente Lula e o ex-governador&hellip; <\/p>\n","protected":false},"author":1,"featured_media":113048,"comment_status":"closed","ping_status":"closed","sticky":false,"template":"","format":"standard","meta":{"sfsi_plus_gutenberg_text_before_share":"","sfsi_plus_gutenberg_show_text_before_share":"","sfsi_plus_gutenberg_icon_type":"","sfsi_plus_gutenberg_icon_alignemt":"","sfsi_plus_gutenburg_max_per_row":"","footnotes":""},"categories":[50,12],"tags":[],"class_list":["post-113046","post","type-post","status-publish","format-standard","has-post-thumbnail","hentry","category-destaque","category-policia"],"_links":{"self":[{"href":"https:\/\/www.caririemacao.com\/1\/wp-json\/wp\/v2\/posts\/113046","targetHints":{"allow":["GET"]}}],"collection":[{"href":"https:\/\/www.caririemacao.com\/1\/wp-json\/wp\/v2\/posts"}],"about":[{"href":"https:\/\/www.caririemacao.com\/1\/wp-json\/wp\/v2\/types\/post"}],"author":[{"embeddable":true,"href":"https:\/\/www.caririemacao.com\/1\/wp-json\/wp\/v2\/users\/1"}],"replies":[{"embeddable":true,"href":"https:\/\/www.caririemacao.com\/1\/wp-json\/wp\/v2\/comments?post=113046"}],"version-history":[{"count":1,"href":"https:\/\/www.caririemacao.com\/1\/wp-json\/wp\/v2\/posts\/113046\/revisions"}],"predecessor-version":[{"id":113049,"href":"https:\/\/www.caririemacao.com\/1\/wp-json\/wp\/v2\/posts\/113046\/revisions\/113049"}],"wp:featuredmedia":[{"embeddable":true,"href":"https:\/\/www.caririemacao.com\/1\/wp-json\/wp\/v2\/media\/113048"}],"wp:attachment":[{"href":"https:\/\/www.caririemacao.com\/1\/wp-json\/wp\/v2\/media?parent=113046"}],"wp:term":[{"taxonomy":"category","embeddable":true,"href":"https:\/\/www.caririemacao.com\/1\/wp-json\/wp\/v2\/categories?post=113046"},{"taxonomy":"post_tag","embeddable":true,"href":"https:\/\/www.caririemacao.com\/1\/wp-json\/wp\/v2\/tags?post=113046"}],"curies":[{"name":"wp","href":"https:\/\/api.w.org\/{rel}","templated":true}]}}