{"id":113056,"date":"2019-08-31T12:04:53","date_gmt":"2019-08-31T15:04:53","guid":{"rendered":"http:\/\/www.caririemacao.com\/1\/?p=113056"},"modified":"2019-08-31T12:04:53","modified_gmt":"2019-08-31T15:04:53","slug":"sob-gritos-de-lula-livre-haddad-e-ciro-se-encontram-em-evento-no-ceara","status":"publish","type":"post","link":"https:\/\/www.caririemacao.com\/1\/2019\/08\/31\/sob-gritos-de-lula-livre-haddad-e-ciro-se-encontram-em-evento-no-ceara\/","title":{"rendered":"Sob gritos de Lula Livre, Haddad e Ciro se encontram em evento no Cear\u00e1"},"content":{"rendered":"\n<p>O ex-prefeito de S\u00e3o Paulo, Fernando Haddad, foi recebido sob aplausos e gritos de \u201cLula Livre\u201d na abertura de um festival de cinema em Fortaleza no qual tamb\u00e9m estava o ex-governador do Cear\u00e1, Ciro Gomes, nesta sexta-feira (30). Ambos foram candidatos \u00e0 Presid\u00eancia da Rep\u00fablica em 2018. Ao chegar \u00e0 abertura do 29\u00ba Cine Festival Ibero-americano de Cinema, Haddad abra\u00e7ou Gomes.<\/p>\n\n\n\n<p>Desde o processo eleitoral do ano passado, Ciro tem feito cr\u00edticas recorrentes ao PT e ao ex-presidente Lula. Em fevereiro, durante um discurso para um p\u00fablico de estudantes na Bienal da UNE (Uni\u00e3o Nacional dos Estudantes) em Salvador, ele criticou parcela dos jovens por defender pol\u00edticos envolvidos em corrup\u00e7\u00e3o.<\/p>\n\n\n\n<p>\u201cEu n\u00e3o sou [corrupto], n\u00e3o. Eu estou solto, 38 anos de vida p\u00fablica, nunca respondi por nenhum malfeito. Eu sou limpo. Eu sou limpo. Engole essa, engole essa\u201d, bradou.<\/p>\n\n\n\n<p>Na sequ\u00eancia, repetiu por tr\u00eas vezes a frase dita por seu irm\u00e3o, o senador Cid Gomes (PDT-CE), logo ap\u00f3s o primeiro turno de 2018: \u201cO Lula est\u00e1 preso, babaca\u201d.<\/p>\n\n\n\n<p>No evento desta sexta, Haddad vestia uma camiseta preta com os dizeres \u201cLula Livre\u201d. O atual governador cearense, Camilo Santana (PT), estava ao lado de Gomes. A abertura do festival prestou uma homenagem ao cineasta cearense Karim A\u00efnouz com a exibi\u00e7\u00e3o de A Vida Invis\u00edvel. O longa, dirigido por A\u00efnouz, foi escolhido para representar o Brasil no Oscar. O filme estreou no Festival de Cannes, onde foi premiado na mostra Un Certain Regard.<\/p>\n\n\n\n<p><strong>Folha\u00a0<\/strong><\/p>\n","protected":false},"excerpt":{"rendered":"<p>O ex-prefeito de S\u00e3o Paulo, Fernando Haddad, foi recebido sob aplausos e gritos de \u201cLula Livre\u201d na abertura de um festival de cinema em Fortaleza&hellip; <\/p>\n","protected":false},"author":1,"featured_media":113059,"comment_status":"closed","ping_status":"closed","sticky":false,"template":"","format":"standard","meta":{"sfsi_plus_gutenberg_text_before_share":"","sfsi_plus_gutenberg_show_text_before_share":"","sfsi_plus_gutenberg_icon_type":"","sfsi_plus_gutenberg_icon_alignemt":"","sfsi_plus_gutenburg_max_per_row":"","footnotes":""},"categories":[11],"tags":[],"class_list":["post-113056","post","type-post","status-publish","format-standard","has-post-thumbnail","hentry","category-politica"],"_links":{"self":[{"href":"https:\/\/www.caririemacao.com\/1\/wp-json\/wp\/v2\/posts\/113056","targetHints":{"allow":["GET"]}}],"collection":[{"href":"https:\/\/www.caririemacao.com\/1\/wp-json\/wp\/v2\/posts"}],"about":[{"href":"https:\/\/www.caririemacao.com\/1\/wp-json\/wp\/v2\/types\/post"}],"author":[{"embeddable":true,"href":"https:\/\/www.caririemacao.com\/1\/wp-json\/wp\/v2\/users\/1"}],"replies":[{"embeddable":true,"href":"https:\/\/www.caririemacao.com\/1\/wp-json\/wp\/v2\/comments?post=113056"}],"version-history":[{"count":1,"href":"https:\/\/www.caririemacao.com\/1\/wp-json\/wp\/v2\/posts\/113056\/revisions"}],"predecessor-version":[{"id":113060,"href":"https:\/\/www.caririemacao.com\/1\/wp-json\/wp\/v2\/posts\/113056\/revisions\/113060"}],"wp:featuredmedia":[{"embeddable":true,"href":"https:\/\/www.caririemacao.com\/1\/wp-json\/wp\/v2\/media\/113059"}],"wp:attachment":[{"href":"https:\/\/www.caririemacao.com\/1\/wp-json\/wp\/v2\/media?parent=113056"}],"wp:term":[{"taxonomy":"category","embeddable":true,"href":"https:\/\/www.caririemacao.com\/1\/wp-json\/wp\/v2\/categories?post=113056"},{"taxonomy":"post_tag","embeddable":true,"href":"https:\/\/www.caririemacao.com\/1\/wp-json\/wp\/v2\/tags?post=113056"}],"curies":[{"name":"wp","href":"https:\/\/api.w.org\/{rel}","templated":true}]}}