{"id":113069,"date":"2019-08-31T12:10:22","date_gmt":"2019-08-31T15:10:22","guid":{"rendered":"http:\/\/www.caririemacao.com\/1\/?p=113069"},"modified":"2019-08-31T12:10:22","modified_gmt":"2019-08-31T15:10:22","slug":"decreto-antecipa-feira-livre-de-monteiro-para-a-proxima-sexta-feira-06-de-setembro","status":"publish","type":"post","link":"https:\/\/www.caririemacao.com\/1\/2019\/08\/31\/decreto-antecipa-feira-livre-de-monteiro-para-a-proxima-sexta-feira-06-de-setembro\/","title":{"rendered":"Decreto antecipa feira livre de monteiro para a pr\u00f3xima sexta-feira 06 de setembro"},"content":{"rendered":"\n<p>Devido ao feriado nacional do pr\u00f3ximo s\u00e1bado dia 07 de setembro, quando se comemora a Independ\u00eancia do Brasil, a Feira Livre do munic\u00edpio de Monteiro ser\u00e1 antecipada para a sexta-feira dia 06.<\/p>\n\n\n\n<p>No uso das atribui\u00e7\u00f5es que lhe s\u00e3o conferidas pela Lei Org\u00e2nica do munic\u00edpio, o Decreto N.1.116 foi assinado pelo prefeito em exerc\u00edcio Celecileno Alves e j\u00e1 se encontra dispon\u00edvel no site institucional do munic\u00edpio acess\u00edvel em www.monteiro.pb.gov.br<\/p>\n\n\n\n<p>A Feira Livre de Monteiro acontece aos s\u00e1bados, sendo considerada umas das maiores do Cariri paraibano.<\/p>\n","protected":false},"excerpt":{"rendered":"<p>Devido ao feriado nacional do pr\u00f3ximo s\u00e1bado dia 07 de setembro, quando se comemora a Independ\u00eancia do Brasil, a Feira Livre do munic\u00edpio de Monteiro&hellip; <\/p>\n","protected":false},"author":1,"featured_media":113072,"comment_status":"closed","ping_status":"closed","sticky":false,"template":"","format":"standard","meta":{"sfsi_plus_gutenberg_text_before_share":"","sfsi_plus_gutenberg_show_text_before_share":"","sfsi_plus_gutenberg_icon_type":"","sfsi_plus_gutenberg_icon_alignemt":"","sfsi_plus_gutenburg_max_per_row":"","footnotes":""},"categories":[2],"tags":[],"class_list":["post-113069","post","type-post","status-publish","format-standard","has-post-thumbnail","hentry","category-geral"],"_links":{"self":[{"href":"https:\/\/www.caririemacao.com\/1\/wp-json\/wp\/v2\/posts\/113069","targetHints":{"allow":["GET"]}}],"collection":[{"href":"https:\/\/www.caririemacao.com\/1\/wp-json\/wp\/v2\/posts"}],"about":[{"href":"https:\/\/www.caririemacao.com\/1\/wp-json\/wp\/v2\/types\/post"}],"author":[{"embeddable":true,"href":"https:\/\/www.caririemacao.com\/1\/wp-json\/wp\/v2\/users\/1"}],"replies":[{"embeddable":true,"href":"https:\/\/www.caririemacao.com\/1\/wp-json\/wp\/v2\/comments?post=113069"}],"version-history":[{"count":1,"href":"https:\/\/www.caririemacao.com\/1\/wp-json\/wp\/v2\/posts\/113069\/revisions"}],"predecessor-version":[{"id":113073,"href":"https:\/\/www.caririemacao.com\/1\/wp-json\/wp\/v2\/posts\/113069\/revisions\/113073"}],"wp:featuredmedia":[{"embeddable":true,"href":"https:\/\/www.caririemacao.com\/1\/wp-json\/wp\/v2\/media\/113072"}],"wp:attachment":[{"href":"https:\/\/www.caririemacao.com\/1\/wp-json\/wp\/v2\/media?parent=113069"}],"wp:term":[{"taxonomy":"category","embeddable":true,"href":"https:\/\/www.caririemacao.com\/1\/wp-json\/wp\/v2\/categories?post=113069"},{"taxonomy":"post_tag","embeddable":true,"href":"https:\/\/www.caririemacao.com\/1\/wp-json\/wp\/v2\/tags?post=113069"}],"curies":[{"name":"wp","href":"https:\/\/api.w.org\/{rel}","templated":true}]}}