{"id":113091,"date":"2019-08-31T12:32:30","date_gmt":"2019-08-31T15:32:30","guid":{"rendered":"http:\/\/www.caririemacao.com\/1\/?p=113091"},"modified":"2019-08-31T12:32:30","modified_gmt":"2019-08-31T15:32:30","slug":"jovem-com-cnh-nova-se-atrapalha-com-pedais-e-bate-carro-em-viatura-da-pm","status":"publish","type":"post","link":"https:\/\/www.caririemacao.com\/1\/2019\/08\/31\/jovem-com-cnh-nova-se-atrapalha-com-pedais-e-bate-carro-em-viatura-da-pm\/","title":{"rendered":"Jovem com CNH nova se atrapalha com pedais e bate carro em viatura da PM"},"content":{"rendered":"\n<p>Uma motorista de 18 anos bateu o carro contra uma viatura da Pol\u00edcia Militar, na tarde desta ter\u00e7a-feira (27), no bairro N\u00facleo Alpha, em Franca (SP). Segundo informa\u00e7\u00f5es da PM, a condutora havia tirado a CNH recentemente e diz ter se atrapalhado com os pedais.<\/p>\n\n\n\n<p>O acidente aconteceu no cruzamento da avenida dos Sapateiros com a Rua Alfredo Tosi. Segundo o tenente da PM Luciano Pereira, dois policiais tinham acabado de dar in\u00edcio ao patrulhamento e seguiam pela rua, quando foram atingidos pelo ve\u00edculo da jovem.<\/p>\n\n\n\n<p>\u201cEla estava no sentido universidade e imaginou que a viatura fosse parar. A princ\u00edpio, ela disse que teria se confundido com os pedais e, ao inv\u00e9s de pisar no freio, acelerou\u201d, diz Pereira.<\/p>\n\n\n\n<figure class=\"wp-block-image\"><img decoding=\"async\" data-src=\"https:\/\/s2.glbimg.com\/3FUCXYBk8KMZJTLiICJ4WZeJSAY=\/0x0:1700x1065\/984x0\/smart\/filters:strip_icc()\/i.s3.glbimg.com\/v1\/AUTH_59edd422c0c84a879bd37670ae4f538a\/internal_photos\/bs\/2019\/f\/E\/shUkDyQLCk5y66zPp6RQ\/acidente1.jpg\" alt=\"Carro bateu em viatura e provocou tombamento em Franca, SP \u2014 Foto: Nath\u00e1lia Henrique\/EPTV\" src=\"data:image\/svg+xml;base64,PHN2ZyB3aWR0aD0iMSIgaGVpZ2h0PSIxIiB4bWxucz0iaHR0cDovL3d3dy53My5vcmcvMjAwMC9zdmciPjwvc3ZnPg==\" class=\"lazyload\" \/><\/figure>\n\n\n\n<p>Carro bateu em viatura e provocou tombamento em Franca, SP \u2014 Foto: Nath\u00e1lia Henrique\/EPTV<\/p>\n\n\n\n<p>Com a batida, a viatura chegou a tombar. Apesar do susto, os dois PMs que estavam no carro e a jovem n\u00e3o se feriram.<\/p>\n\n\n\n<p>A per\u00edcia t\u00e9cnica esteve no local para investigar as causas do acidente. \u201cUm boletim de ocorr\u00eancia foi elaborado, foi acionada a per\u00edcia porque \u00e9 patrim\u00f4nio do estado, e depois ser\u00e1 apurado em sindic\u00e2ncia a eventual culpa\u201d, afirma Pereira.<\/p>\n\n\n\n<figure class=\"wp-block-image\"><img decoding=\"async\" data-src=\"https:\/\/s2.glbimg.com\/iFIwMdyrQD26unX30Qsox54Kb7s=\/0x0:1700x1065\/984x0\/smart\/filters:strip_icc()\/i.s3.glbimg.com\/v1\/AUTH_59edd422c0c84a879bd37670ae4f538a\/internal_photos\/bs\/2019\/A\/v\/KUw39nR0yNAHpdvJs2Tw\/acidente2.jpg\" alt=\"Viatura da PM tombou ao ser atingida por carro de jovem motorista em Franca, SP \u2014 Foto: Nath\u00e1lia Henrique\/EPTV\" src=\"data:image\/svg+xml;base64,PHN2ZyB3aWR0aD0iMSIgaGVpZ2h0PSIxIiB4bWxucz0iaHR0cDovL3d3dy53My5vcmcvMjAwMC9zdmciPjwvc3ZnPg==\" class=\"lazyload\" \/><\/figure>\n\n\n\n<p>Viatura da PM tombou ao ser atingida por carro de jovem motorista em Franca, SP \u2014 Foto: Nath\u00e1lia Henrique\/EPTV<\/p>\n","protected":false},"excerpt":{"rendered":"<p>Uma motorista de 18 anos bateu o carro contra uma viatura da Pol\u00edcia Militar, na tarde desta ter\u00e7a-feira (27), no bairro N\u00facleo Alpha, em Franca&hellip; <\/p>\n","protected":false},"author":1,"featured_media":113094,"comment_status":"closed","ping_status":"closed","sticky":false,"template":"","format":"standard","meta":{"sfsi_plus_gutenberg_text_before_share":"","sfsi_plus_gutenberg_show_text_before_share":"","sfsi_plus_gutenberg_icon_type":"","sfsi_plus_gutenberg_icon_alignemt":"","sfsi_plus_gutenburg_max_per_row":"","footnotes":""},"categories":[50,2],"tags":[],"class_list":["post-113091","post","type-post","status-publish","format-standard","has-post-thumbnail","hentry","category-destaque","category-geral"],"_links":{"self":[{"href":"https:\/\/www.caririemacao.com\/1\/wp-json\/wp\/v2\/posts\/113091","targetHints":{"allow":["GET"]}}],"collection":[{"href":"https:\/\/www.caririemacao.com\/1\/wp-json\/wp\/v2\/posts"}],"about":[{"href":"https:\/\/www.caririemacao.com\/1\/wp-json\/wp\/v2\/types\/post"}],"author":[{"embeddable":true,"href":"https:\/\/www.caririemacao.com\/1\/wp-json\/wp\/v2\/users\/1"}],"replies":[{"embeddable":true,"href":"https:\/\/www.caririemacao.com\/1\/wp-json\/wp\/v2\/comments?post=113091"}],"version-history":[{"count":1,"href":"https:\/\/www.caririemacao.com\/1\/wp-json\/wp\/v2\/posts\/113091\/revisions"}],"predecessor-version":[{"id":113095,"href":"https:\/\/www.caririemacao.com\/1\/wp-json\/wp\/v2\/posts\/113091\/revisions\/113095"}],"wp:featuredmedia":[{"embeddable":true,"href":"https:\/\/www.caririemacao.com\/1\/wp-json\/wp\/v2\/media\/113094"}],"wp:attachment":[{"href":"https:\/\/www.caririemacao.com\/1\/wp-json\/wp\/v2\/media?parent=113091"}],"wp:term":[{"taxonomy":"category","embeddable":true,"href":"https:\/\/www.caririemacao.com\/1\/wp-json\/wp\/v2\/categories?post=113091"},{"taxonomy":"post_tag","embeddable":true,"href":"https:\/\/www.caririemacao.com\/1\/wp-json\/wp\/v2\/tags?post=113091"}],"curies":[{"name":"wp","href":"https:\/\/api.w.org\/{rel}","templated":true}]}}