{"id":113102,"date":"2019-08-31T15:17:18","date_gmt":"2019-08-31T18:17:18","guid":{"rendered":"http:\/\/www.caririemacao.com\/1\/?p=113102"},"modified":"2019-08-31T15:17:18","modified_gmt":"2019-08-31T18:17:18","slug":"bolsonaro-insinua-que-dodge-esta-aparelhando-pgr-no-fim-do-mandato","status":"publish","type":"post","link":"https:\/\/www.caririemacao.com\/1\/2019\/08\/31\/bolsonaro-insinua-que-dodge-esta-aparelhando-pgr-no-fim-do-mandato\/","title":{"rendered":"Bolsonaro insinua que Dodge est\u00e1 aparelhando PGR no fim do mandato"},"content":{"rendered":"\n<p>&nbsp;O presidente Jair Bolsonaro (PSL) insinuou neste s\u00e1bado (31) que a procuradora-geral da Rep\u00fablica, Raquel Dodge, estaria aparelhando a PGR, ao fazer, perto do fim de seu mandato, uma s\u00e9rie de nomea\u00e7\u00f5es de procuradores-regionais eleitorais escolhidos pela categoria nos estados.<\/p>\n\n\n\n<p>As nomea\u00e7\u00f5es foram divulgadas pelo jornal Folha de S.Paulo neste s\u00e1bado. Nomes cotados para substituir Dodge na PGR ficaram incomodados com o fato de as nomea\u00e7\u00f5es serem para a partir de 1\u00ba de outubro, quando ela j\u00e1 n\u00e3o estiver mais no posto -Dodge deixa o comando da Procuradoria dia 17 de setembro.<\/p>\n\n\n\n<p>&#8220;Eu tive uma informa\u00e7\u00e3o aqui. Est\u00e3o nomeando cargos nos estados a partir de outubro&#8221;, disse. &#8220;Eu n\u00e3o posso ter um PGR, que n\u00e3o defini ainda. Suponha que [Dodge] n\u00e3o seja reconduzida. Uma pessoa que vai chegar e vai estar todo o minist\u00e9rio montado com mandato.&#8221;<\/p>\n\n\n\n<p>Ele comparou com a elei\u00e7\u00e3o, no final de uma legislatura, em que o novo presidente n\u00e3o tem autonomia para &#8220;mexer em nada.&#8221;<\/p>\n\n\n\n<p>Questionado sobre se a procuradora-geral seria a respons\u00e1vel pelas nomea\u00e7\u00f5es nos estados, Bolsonaro respondeu: &#8220;S\u00f3 pode ser ela, n\u00e9. At\u00e9 tenho por ela muito carinho, estima, considera\u00e7\u00e3o&#8221;, disse. &#8220;Espero at\u00e9 que n\u00e3o seja verdade [a informa\u00e7\u00e3o].&#8221;<\/p>\n\n\n\n<p>O presidente tamb\u00e9m se contradisse ao responder se as nomea\u00e7\u00f5es poderiam afetar sua decis\u00e3o de reconduzi-la ou n\u00e3o ao cargo. &#8220;N\u00e3o vai influenciar em nada. Que vai ter algum peso vai, n\u00e3o tem a menor d\u00favida. Quero ter um PGR que tenha a bandeira do Brasil na m\u00e3o e a Constitui\u00e7\u00e3o na outra, \u00e9 isso que eu quero.&#8221;<\/p>\n\n\n\n<p>O Minist\u00e9rio P\u00fablico Federal dos Estados est\u00e1 no processo de escolha de seus procuradores chefes. O chefe \u00e9 escolhido em elei\u00e7\u00e3o entre os pares. Depois disso, o col\u00e9gio eleitoral envia os nomes da chapa eleita para a PGR.<\/p>\n\n\n\n<p>Por tradi\u00e7\u00e3o, o procurador-geral da Rep\u00fablica apenas publica uma portaria nomeando os escolhidos para o exerc\u00edcio de seus mandatos. Alguns estados, como Minas Gerais, j\u00e1 conclu\u00edram o processo e enviaram os nomes para Procuradoria-Geral.<\/p>\n\n\n\n<p>Segundo auxiliares de Dodge ouvidos pela reportagem, a pr\u00f3pria Raquel deu posse, quando iniciou seu mandato, aos procuradores-chefes atualmente em exerc\u00edcio. Por\u00e9m, essas autoridades foram escolhidas e nomeadas antes de ela assumir.<\/p>\n\n\n\n<p>Bolsonaro, em diferentes manifesta\u00e7\u00f5es, j\u00e1 deixou claro que quer colocar pessoas alinhadas \u00e0s suas posi\u00e7\u00f5es.<\/p>\n\n\n\n<p>Procurada, a PGR ainda n\u00e3o se pronunciou.<\/p>\n\n\n\n<p>Bolsonaro disse nesta sexta-feira (30) que a escolha do novo procurador-geral da Rep\u00fablica est\u00e1 entre tr\u00eas nomes, mas n\u00e3o tem data para ocorrer.<\/p>\n\n\n\n<p>Ele n\u00e3o quis, no entanto, informar quais s\u00e3o os cotados. &#8220;Voc\u00ea est\u00e1 querendo demais&#8221;, respondeu, ao ser questionado pela imprensa.<\/p>\n","protected":false},"excerpt":{"rendered":"<p>&nbsp;O presidente Jair Bolsonaro (PSL) insinuou neste s\u00e1bado (31) que a procuradora-geral da Rep\u00fablica, Raquel Dodge, estaria aparelhando a PGR, ao fazer, perto do fim&hellip; <\/p>\n","protected":false},"author":1,"featured_media":111985,"comment_status":"closed","ping_status":"closed","sticky":false,"template":"","format":"standard","meta":{"sfsi_plus_gutenberg_text_before_share":"","sfsi_plus_gutenberg_show_text_before_share":"","sfsi_plus_gutenberg_icon_type":"","sfsi_plus_gutenberg_icon_alignemt":"","sfsi_plus_gutenburg_max_per_row":"","footnotes":""},"categories":[11],"tags":[],"class_list":["post-113102","post","type-post","status-publish","format-standard","has-post-thumbnail","hentry","category-politica"],"_links":{"self":[{"href":"https:\/\/www.caririemacao.com\/1\/wp-json\/wp\/v2\/posts\/113102","targetHints":{"allow":["GET"]}}],"collection":[{"href":"https:\/\/www.caririemacao.com\/1\/wp-json\/wp\/v2\/posts"}],"about":[{"href":"https:\/\/www.caririemacao.com\/1\/wp-json\/wp\/v2\/types\/post"}],"author":[{"embeddable":true,"href":"https:\/\/www.caririemacao.com\/1\/wp-json\/wp\/v2\/users\/1"}],"replies":[{"embeddable":true,"href":"https:\/\/www.caririemacao.com\/1\/wp-json\/wp\/v2\/comments?post=113102"}],"version-history":[{"count":1,"href":"https:\/\/www.caririemacao.com\/1\/wp-json\/wp\/v2\/posts\/113102\/revisions"}],"predecessor-version":[{"id":113103,"href":"https:\/\/www.caririemacao.com\/1\/wp-json\/wp\/v2\/posts\/113102\/revisions\/113103"}],"wp:featuredmedia":[{"embeddable":true,"href":"https:\/\/www.caririemacao.com\/1\/wp-json\/wp\/v2\/media\/111985"}],"wp:attachment":[{"href":"https:\/\/www.caririemacao.com\/1\/wp-json\/wp\/v2\/media?parent=113102"}],"wp:term":[{"taxonomy":"category","embeddable":true,"href":"https:\/\/www.caririemacao.com\/1\/wp-json\/wp\/v2\/categories?post=113102"},{"taxonomy":"post_tag","embeddable":true,"href":"https:\/\/www.caririemacao.com\/1\/wp-json\/wp\/v2\/tags?post=113102"}],"curies":[{"name":"wp","href":"https:\/\/api.w.org\/{rel}","templated":true}]}}