{"id":113105,"date":"2019-08-31T15:20:48","date_gmt":"2019-08-31T18:20:48","guid":{"rendered":"http:\/\/www.caririemacao.com\/1\/?p=113105"},"modified":"2019-08-31T15:20:48","modified_gmt":"2019-08-31T18:20:48","slug":"nao-sei-do-queiroz-cara-responde-bolsonaro-sobre-pm-aposentado-e-seu-ex-assessor","status":"publish","type":"post","link":"https:\/\/www.caririemacao.com\/1\/2019\/08\/31\/nao-sei-do-queiroz-cara-responde-bolsonaro-sobre-pm-aposentado-e-seu-ex-assessor\/","title":{"rendered":"\u201cN\u00e3o sei do Queiroz, cara\u201d, responde Bolsonaro sobre PM aposentado e seu ex-assessor"},"content":{"rendered":"\n<p>O presidente Jair Bolsonaro (PSL) afirmou na manh\u00e3 deste s\u00e1bado (31) n\u00e3o saber do paradeiro ou do estado de sa\u00fade do&nbsp;<a href=\"https:\/\/paraibaonline.com.br\/2019\/08\/ex-assessor-complicado-da-familia-bolsonaro-teve-problemas-de-saude-agravados\/\">policial militar aposentado Fabr\u00edcio Queiroz<\/a>, envolvido em um esc\u00e2ndalo financeiro junto ao senador Flavio Bolsonaro (PSL-RJ).<\/p>\n\n\n\n<p>\u201cEu n\u00e3o sei do Queiroz, cara. Eu n\u00e3o sei do Queiroz\u201d, afirmou, ao deixar o Pal\u00e1cio da Alvorada, em Bras\u00edlia, em dire\u00e7\u00e3o ao regimento de pol\u00edcia montada, acompanhado de sua filha mais nova, Laura. As declara\u00e7\u00f5es foram as primeiras sobre o assunto dadas ap\u00f3s a revista Veja publicar reportagem informando do paradeiro de Queiroz.<\/p>\n\n\n\n<p>\u201cN\u00e3o existe telefonema para ele, nada, n\u00e3o sei onde ele est\u00e1. Parece que a Veja descobriu, como se ele tivesse foragido. E pelo que eu sei ele j\u00e1 prestou depoimento por escrito. O que eu fiquei sabendo tamb\u00e9m exime meu filho de culpa. [Queiroz] Responde pelos atos dele.\u201d, declarou o presidente.<\/p>\n\n\n\n<p>A reportagem de capa da revista publicada nesta sexta (30) conta detalhes da rotina de Queiroz, principalmente com enfoque em suas idas ao Centro de Oncologia e Hematologia do Hospital Albert Einstein -que oferece consultas e servi\u00e7os como radioterapia e quimioterapia.<\/p>\n\n\n\n<p>Queiroz foi visto no local desacompanhado de familiares ou seguran\u00e7as, de bon\u00e9 preto e \u00f3culos de grau.<\/p>\n\n\n\n<p>De acordo com a revista, Queiroz vive no Morumbi, bairro da zona sul de S\u00e3o Paulo onde fica o hospital Albert Einstein, para onde se desloca de t\u00e1xi ou carros de aplicativo.<\/p>\n\n\n\n<p>Foi no mesmo local que ele foi visto publicamente pela \u00faltima vez, em 12 de janeiro, quando um v\u00eddeo em que ele dan\u00e7ava no hospital viralizou.<\/p>\n\n\n\n<p>Bolsonaro tamb\u00e9m justificou as opera\u00e7\u00f5es de compras e vendas de im\u00f3veis feitas por Flavio e que s\u00e3o alvo de investiga\u00e7\u00e3o pelo Minist\u00e9rio P\u00fablico do Rio de Janeiro -o inqu\u00e9rito est\u00e1 suspenso ap\u00f3s decis\u00e3o do ministro Dias Toffoli, presidente do STF (Supremo Tribunal Federal).<\/p>\n\n\n\n<p>Segundo o MP do Rio, a empresa MCA Exporta\u00e7\u00e3o e Participa\u00e7\u00f5es teria adquirido do senador 12 salas comerciais em constru\u00e7\u00e3o 45 dias depois de Flavio ter firmado escritura para obter os direitos sobre sete desses im\u00f3veis.<\/p>\n\n\n\n<p>\u201cVou repetir para voc\u00eas, R$ 1 milh\u00e3o o Queiroz tinha dado para ele [Flavio]. Est\u00e1 bem claro isso. Quem pagou essa conta para a construtora foi a Caixa Econ\u00f4mica Federal, documentado, passa por ele porque a Caixa comprou a d\u00edvida dele\u201d, disse.<\/p>\n\n\n\n<p>\u201cE ele, em vez de dever para a construtora, passou a dever para a Caixa, essa \u00e9 uma opera\u00e7\u00e3o normal. Resolveu? N\u00e3o tem R$ 1 milh\u00e3o.\u201d<\/p>\n\n\n\n<p>Ele disse que Flavio vendeu os im\u00f3veis depois de pagar \u201c15%, 20%\u201d do valor dos im\u00f3veis comprados na planta. \u201cPassou para a frente, o que o MP do estado levou em conta?\u201d, afirmou.<\/p>\n\n\n\n<p>\u201cNingu\u00e9m compra um im\u00f3vel na planta \u00e0 vista, porque o cara pode levar um calote.\u201d<\/p>\n\n\n\n<p>Segundo ele, o fato de Queiroz ter feito dep\u00f3sitos de R$ 2.000 deve-se a uma restri\u00e7\u00e3o banc\u00e1ria.<\/p>\n\n\n\n<p>\u201cO dep\u00f3sito no envelope l\u00e1, o limite \u00e9 R$ 2.000, n\u00e3o \u00e9 para fugir do Coaf (Conselho de Controle de Atividades Financeiras), em que o limite \u00e9 R$ 10 mil.\u201d<\/p>\n\n\n\n<p>A Promotoria do Rio v\u00ea ind\u00edcios robustos dos crimes de peculato, lavagem de dinheiro e organiza\u00e7\u00e3o criminosa no gabinete de Fl\u00e1vio de 2007 a 2018 na Assembleia Legislativa do Rio, per\u00edodo em que Queiroz trabalhou com o ent\u00e3o deputado estadual como uma esp\u00e9cie de chefe de gabinete.<\/p>\n\n\n\n<p>No caso de Fl\u00e1vio, uma comunica\u00e7\u00e3o do Coaf se refere a 48 dep\u00f3sitos sequenciais de R$ 2.000 em esp\u00e9cie em sua conta banc\u00e1ria de 9 de junho a 13 de julho.<\/p>\n\n\n\n<p>O senador afirmou que esses valores se referem a uma parcela do pagamento que recebeu em dinheiro pela venda de um im\u00f3vel no per\u00edodo e que foram depositados por ele mesmo num caixa eletr\u00f4nico.<\/p>\n\n\n\n<p>A apura\u00e7\u00e3o foi suspensa ap\u00f3s decis\u00e3o de 15 de julho de Toffoli. O ministro determinou a suspens\u00e3o de investiga\u00e7\u00f5es criminais pelo pa\u00eds que usem dados detalhados de \u00f3rg\u00e3os de controle -como Coaf, Receita Federal e Banco Central- sem aval da Justi\u00e7a.<\/p>\n\n\n\n<p>A decis\u00e3o tamb\u00e9m atinge outros inqu\u00e9ritos e procedimentos de investiga\u00e7\u00e3o criminal (tipo de apura\u00e7\u00e3o preliminar), de todas as inst\u00e2ncias da Justi\u00e7a, baseados em informa\u00e7\u00f5es desses \u00f3rg\u00e3os de controle.<\/p>\n\n\n\n<p>A determina\u00e7\u00e3o tem potencial de afetar desde casos de corrup\u00e7\u00e3o e lavagem, como os da Lava Jato, at\u00e9 os de tr\u00e1fico de drogas.<\/p>\n","protected":false},"excerpt":{"rendered":"<p>O presidente Jair Bolsonaro (PSL) afirmou na manh\u00e3 deste s\u00e1bado (31) n\u00e3o saber do paradeiro ou do estado de sa\u00fade do&nbsp;policial militar aposentado Fabr\u00edcio Queiroz,&hellip; <\/p>\n","protected":false},"author":1,"featured_media":106135,"comment_status":"closed","ping_status":"closed","sticky":false,"template":"","format":"standard","meta":{"sfsi_plus_gutenberg_text_before_share":"","sfsi_plus_gutenberg_show_text_before_share":"","sfsi_plus_gutenberg_icon_type":"","sfsi_plus_gutenberg_icon_alignemt":"","sfsi_plus_gutenburg_max_per_row":"","footnotes":""},"categories":[11],"tags":[],"class_list":["post-113105","post","type-post","status-publish","format-standard","has-post-thumbnail","hentry","category-politica"],"_links":{"self":[{"href":"https:\/\/www.caririemacao.com\/1\/wp-json\/wp\/v2\/posts\/113105","targetHints":{"allow":["GET"]}}],"collection":[{"href":"https:\/\/www.caririemacao.com\/1\/wp-json\/wp\/v2\/posts"}],"about":[{"href":"https:\/\/www.caririemacao.com\/1\/wp-json\/wp\/v2\/types\/post"}],"author":[{"embeddable":true,"href":"https:\/\/www.caririemacao.com\/1\/wp-json\/wp\/v2\/users\/1"}],"replies":[{"embeddable":true,"href":"https:\/\/www.caririemacao.com\/1\/wp-json\/wp\/v2\/comments?post=113105"}],"version-history":[{"count":1,"href":"https:\/\/www.caririemacao.com\/1\/wp-json\/wp\/v2\/posts\/113105\/revisions"}],"predecessor-version":[{"id":113108,"href":"https:\/\/www.caririemacao.com\/1\/wp-json\/wp\/v2\/posts\/113105\/revisions\/113108"}],"wp:featuredmedia":[{"embeddable":true,"href":"https:\/\/www.caririemacao.com\/1\/wp-json\/wp\/v2\/media\/106135"}],"wp:attachment":[{"href":"https:\/\/www.caririemacao.com\/1\/wp-json\/wp\/v2\/media?parent=113105"}],"wp:term":[{"taxonomy":"category","embeddable":true,"href":"https:\/\/www.caririemacao.com\/1\/wp-json\/wp\/v2\/categories?post=113105"},{"taxonomy":"post_tag","embeddable":true,"href":"https:\/\/www.caririemacao.com\/1\/wp-json\/wp\/v2\/tags?post=113105"}],"curies":[{"name":"wp","href":"https:\/\/api.w.org\/{rel}","templated":true}]}}