{"id":113112,"date":"2019-08-31T15:25:26","date_gmt":"2019-08-31T18:25:26","guid":{"rendered":"http:\/\/www.caririemacao.com\/1\/?p=113112"},"modified":"2019-08-31T15:25:26","modified_gmt":"2019-08-31T18:25:26","slug":"ricardo-ve-estrategia-de-bolsonaro-em-desvalorizar-transposicao-com-intuito-de-privatizar-obra","status":"publish","type":"post","link":"https:\/\/www.caririemacao.com\/1\/2019\/08\/31\/ricardo-ve-estrategia-de-bolsonaro-em-desvalorizar-transposicao-com-intuito-de-privatizar-obra\/","title":{"rendered":"Ricardo v\u00ea estrat\u00e9gia de Bolsonaro em desvalorizar transposi\u00e7\u00e3o com intuito de privatizar obra"},"content":{"rendered":"\n<p>O ex-governador Ricardo Coutinho (PSB) acredita que o desleixo e as complica\u00e7\u00f5es impostas pelo Governo Federal no que diz respeito \u00e0s obras da\u00a0<strong>transposi\u00e7\u00e3o do Rio S\u00e3o Francisco<\/strong>\u00a0tem um objetivo: privatiza\u00e7\u00e3o. Conforme o socialista, em entrevista ao\u00a0<strong>programa 60 Minutos, da Arapuan FM<\/strong>, o\u00a0<strong>presidente Jair Bolsonaro<\/strong>\u00a0(PSL) pode incluir a opera\u00e7\u00e3o das obras no pacote de privatiza\u00e7\u00e3o que vem sendo implantado no pa\u00eds.<\/p>\n\n\n\n<p>\u201cN\u00e3o tenho a menor d\u00favida disso\u201d, afirmou Ricardo ao ser questionado pelo jornalista F\u00e1bio Bernardo sobre a inten\u00e7\u00e3o de privatiza\u00e7\u00e3o da obra por parte de Bolsonaro.<\/p>\n\n\n\n<p>Para Ricardo, h\u00e1 uma esp\u00e9cie de tentativa de desvalorizar a obra para depois repassar a um investidor privado.<\/p>\n\n\n\n<p>\u201cO discurso do Governo \u00e9: R$ 300 milh\u00f5es para operar os dois eixos \u00e9 uma coisa muito cara. Voc\u00ea olha a vota\u00e7\u00e3o da reforma da Previd\u00eancia, colocaram perd\u00e3o fiscal de R$ 84 bilh\u00f5es para o agroneg\u00f3cio. Essa onda privatista \u00e9 uma estrat\u00e9gia que o Governo tem, geralmente os privatistas t\u00eam, de reduzir o valor daquilo que eles querem vender. Quando a empresa \u00e9 caracterizada de baixo custo, deficit\u00e1ria, como problema, para que depois seja repassada a pre\u00e7o de banana para o investidor privado\u201d, disse o ex-governador na entrevista ao programa que tamb\u00e9m \u00e9 ancorado pelo jornalista Ruy Dantas.<\/p>\n\n\n\n<p>Com posi\u00e7\u00e3o definida, o socialista deixou claro sua opini\u00e3o sobre o caso. \u201cParticularmente, sou contra a privatiza\u00e7\u00e3o da opera\u00e7\u00e3o do S\u00e3o Francisco. Os Estados e o Governo Federal t\u00eam que assumir isso\u201d, destacou Ricardo. \u201cA obra precisa terminar\u201d, completou.<\/p>\n\n\n\n<h3 class=\"wp-block-heading\">SOS Transposi\u00e7\u00e3o<\/h3>\n\n\n\n<p>O ex-governador Ricardo Coutinho convocou o ato \u2018SOS Transposi\u00e7\u00e3o \u2013 Grito do Nordeste\u2019 que acontece neste domingo (1\u00ba), em Monteiro. Nomes como Fernando Haddad e Gleisi Hoffmann, al\u00e9m do senador Veneziano (PSB) j\u00e1 est\u00e3o confirmados no evento. Artistas, como Chico C\u00e9sar, lideran\u00e7as pol\u00edticas, parlamentares e pol\u00edticos tamb\u00e9m v\u00e3o ao ato.<\/p>\n","protected":false},"excerpt":{"rendered":"<p>O ex-governador Ricardo Coutinho (PSB) acredita que o desleixo e as complica\u00e7\u00f5es impostas pelo Governo Federal no que diz respeito \u00e0s obras da\u00a0transposi\u00e7\u00e3o do Rio&hellip; <\/p>\n","protected":false},"author":1,"featured_media":53143,"comment_status":"closed","ping_status":"closed","sticky":false,"template":"","format":"standard","meta":{"sfsi_plus_gutenberg_text_before_share":"","sfsi_plus_gutenberg_show_text_before_share":"","sfsi_plus_gutenberg_icon_type":"","sfsi_plus_gutenberg_icon_alignemt":"","sfsi_plus_gutenburg_max_per_row":"","footnotes":""},"categories":[11],"tags":[],"class_list":["post-113112","post","type-post","status-publish","format-standard","has-post-thumbnail","hentry","category-politica"],"_links":{"self":[{"href":"https:\/\/www.caririemacao.com\/1\/wp-json\/wp\/v2\/posts\/113112","targetHints":{"allow":["GET"]}}],"collection":[{"href":"https:\/\/www.caririemacao.com\/1\/wp-json\/wp\/v2\/posts"}],"about":[{"href":"https:\/\/www.caririemacao.com\/1\/wp-json\/wp\/v2\/types\/post"}],"author":[{"embeddable":true,"href":"https:\/\/www.caririemacao.com\/1\/wp-json\/wp\/v2\/users\/1"}],"replies":[{"embeddable":true,"href":"https:\/\/www.caririemacao.com\/1\/wp-json\/wp\/v2\/comments?post=113112"}],"version-history":[{"count":1,"href":"https:\/\/www.caririemacao.com\/1\/wp-json\/wp\/v2\/posts\/113112\/revisions"}],"predecessor-version":[{"id":113115,"href":"https:\/\/www.caririemacao.com\/1\/wp-json\/wp\/v2\/posts\/113112\/revisions\/113115"}],"wp:featuredmedia":[{"embeddable":true,"href":"https:\/\/www.caririemacao.com\/1\/wp-json\/wp\/v2\/media\/53143"}],"wp:attachment":[{"href":"https:\/\/www.caririemacao.com\/1\/wp-json\/wp\/v2\/media?parent=113112"}],"wp:term":[{"taxonomy":"category","embeddable":true,"href":"https:\/\/www.caririemacao.com\/1\/wp-json\/wp\/v2\/categories?post=113112"},{"taxonomy":"post_tag","embeddable":true,"href":"https:\/\/www.caririemacao.com\/1\/wp-json\/wp\/v2\/tags?post=113112"}],"curies":[{"name":"wp","href":"https:\/\/api.w.org\/{rel}","templated":true}]}}