{"id":113120,"date":"2019-08-31T15:35:56","date_gmt":"2019-08-31T18:35:56","guid":{"rendered":"http:\/\/www.caririemacao.com\/1\/?p=113120"},"modified":"2019-08-31T15:35:56","modified_gmt":"2019-08-31T18:35:56","slug":"apos-usar-carro-para-assalto-bandidos-tocam-fogo-em-veiculo-de-empresario-caririzeiro","status":"publish","type":"post","link":"https:\/\/www.caririemacao.com\/1\/2019\/08\/31\/apos-usar-carro-para-assalto-bandidos-tocam-fogo-em-veiculo-de-empresario-caririzeiro\/","title":{"rendered":"Ap\u00f3s usar carro para assalto, bandidos tocam fogo em ve\u00edculo de empres\u00e1rio caririzeiro"},"content":{"rendered":"\n<p>O ve\u00edculo colbat de cor prata que foi tomado por assalto na noite da \u00faltima ter\u00e7a-feira(27) na cidade de Tapero\u00e1 e que pertence ao empresario&nbsp; Juazeirinhense Amuraby Mora, foi localizado nesta \u00faltima sexta-feira(30) na regi\u00e3o do munic\u00edpio de Amparo, Cariri da Para\u00edba.<\/p>\n\n\n\n<p>De acordo com as primeiras informa\u00e7\u00f5es, o ve\u00edculo foi usado pelos bandidos para fazerem um assalto na cidade de Amparo e ap\u00f3s uma fuga&nbsp; alucinante pelas estradas, os meliantes tocaram fogo no ve\u00edculo antes que a pol\u00edcia chegasse ao local.<\/p>\n\n\n\n<p>Populares que moram nas media\u00e7\u00f5es da estrada onde o carro foi abandonado disseram que os bandidos passaram em alta velocidade e com parte do ve\u00edculo danificado, indicando que o mesmo sofreu colis\u00e3o na fuga obrigando a abandonarem o carro.<\/p>\n\n\n\n<p>A Pol\u00edcia ainda continua nas buscas na tentativa de capturar os criminosos.<\/p>\n\n\n\n<p><em>Informa\u00e7\u00f5es com Wellington Farias<\/em><\/p>\n","protected":false},"excerpt":{"rendered":"<p>O ve\u00edculo colbat de cor prata que foi tomado por assalto na noite da \u00faltima ter\u00e7a-feira(27) na cidade de Tapero\u00e1 e que pertence ao empresario&nbsp;&hellip; <\/p>\n","protected":false},"author":1,"featured_media":113122,"comment_status":"closed","ping_status":"closed","sticky":false,"template":"","format":"standard","meta":{"sfsi_plus_gutenberg_text_before_share":"","sfsi_plus_gutenberg_show_text_before_share":"","sfsi_plus_gutenberg_icon_type":"","sfsi_plus_gutenberg_icon_alignemt":"","sfsi_plus_gutenburg_max_per_row":"","footnotes":""},"categories":[12],"tags":[],"class_list":["post-113120","post","type-post","status-publish","format-standard","has-post-thumbnail","hentry","category-policia"],"_links":{"self":[{"href":"https:\/\/www.caririemacao.com\/1\/wp-json\/wp\/v2\/posts\/113120","targetHints":{"allow":["GET"]}}],"collection":[{"href":"https:\/\/www.caririemacao.com\/1\/wp-json\/wp\/v2\/posts"}],"about":[{"href":"https:\/\/www.caririemacao.com\/1\/wp-json\/wp\/v2\/types\/post"}],"author":[{"embeddable":true,"href":"https:\/\/www.caririemacao.com\/1\/wp-json\/wp\/v2\/users\/1"}],"replies":[{"embeddable":true,"href":"https:\/\/www.caririemacao.com\/1\/wp-json\/wp\/v2\/comments?post=113120"}],"version-history":[{"count":1,"href":"https:\/\/www.caririemacao.com\/1\/wp-json\/wp\/v2\/posts\/113120\/revisions"}],"predecessor-version":[{"id":113123,"href":"https:\/\/www.caririemacao.com\/1\/wp-json\/wp\/v2\/posts\/113120\/revisions\/113123"}],"wp:featuredmedia":[{"embeddable":true,"href":"https:\/\/www.caririemacao.com\/1\/wp-json\/wp\/v2\/media\/113122"}],"wp:attachment":[{"href":"https:\/\/www.caririemacao.com\/1\/wp-json\/wp\/v2\/media?parent=113120"}],"wp:term":[{"taxonomy":"category","embeddable":true,"href":"https:\/\/www.caririemacao.com\/1\/wp-json\/wp\/v2\/categories?post=113120"},{"taxonomy":"post_tag","embeddable":true,"href":"https:\/\/www.caririemacao.com\/1\/wp-json\/wp\/v2\/tags?post=113120"}],"curies":[{"name":"wp","href":"https:\/\/api.w.org\/{rel}","templated":true}]}}