{"id":113142,"date":"2019-08-31T21:47:53","date_gmt":"2019-09-01T00:47:53","guid":{"rendered":"http:\/\/www.caririemacao.com\/1\/?p=113142"},"modified":"2019-08-31T21:47:53","modified_gmt":"2019-09-01T00:47:53","slug":"vice-prefeito-adriano-leite-se-filia-ao-dem-em-convencao-e-e-nome-forte-para-sucessao-em-2020-em-livramento","status":"publish","type":"post","link":"https:\/\/www.caririemacao.com\/1\/2019\/08\/31\/vice-prefeito-adriano-leite-se-filia-ao-dem-em-convencao-e-e-nome-forte-para-sucessao-em-2020-em-livramento\/","title":{"rendered":"Vice prefeito Adriano Leite se filia ao DEM em conven\u00e7\u00e3o e \u00e9 nome forte para sucess\u00e3o em 2020 em Livramento"},"content":{"rendered":"\n<p>O Vice prefeito de Livramento Adriano Leite, participou da conven\u00e7\u00e3o estadual do Democratas que aconteceu na cidade de Cabedelo, evento bastante concorrido politicamente com a presen\u00e7a de nomes de peso da pol\u00edtica paraibana e at\u00e9 nacional.<br>No evento houve as filia\u00e7\u00f5es v\u00e1rias de lideran\u00e7as pol\u00edticas de todos os recantos do estado, e Adriano passa agora a fazer parte das fileiras do DEM.<br>Na ocasi\u00e3o estava presente o Deputado Federal Efraim Filho, Presidente da legendada estadual e ACM Neto, Prefeito de Salvador e Presidente Nacional do partido.<\/p>\n\n\n\n<figure class=\"wp-block-image\"><a href=\"https:\/\/1.bp.blogspot.com\/-w9z0ABbkyYI\/XWrcFTrNjuI\/AAAAAAAAGck\/DGCMEKRoLeQEKKrrn5PQ2Cx-qwqSixuXQCLcBGAs\/s1600\/ZAZA.jpg\"><img decoding=\"async\" data-src=\"https:\/\/1.bp.blogspot.com\/-w9z0ABbkyYI\/XWrcFTrNjuI\/AAAAAAAAGck\/DGCMEKRoLeQEKKrrn5PQ2Cx-qwqSixuXQCLcBGAs\/s320\/ZAZA.jpg\" alt=\"\" src=\"data:image\/svg+xml;base64,PHN2ZyB3aWR0aD0iMSIgaGVpZ2h0PSIxIiB4bWxucz0iaHR0cDovL3d3dy53My5vcmcvMjAwMC9zdmciPjwvc3ZnPg==\" class=\"lazyload\" \/><\/a><\/figure>\n\n\n\n<p>De acordo com o vice prefeito Adriano, a experi\u00eancia foi satisfat\u00f3ria, pois promoveu a&nbsp;&nbsp;troca de ideias e aproxima\u00e7\u00e3o com outras lideran\u00e7as unidas em um projeto futuro para suas comunidades.<br>Ali\u00e1s, o vice prefeito Adriano Leite tem sido um nome forte quando o assunto \u00e9 disputar a Prefeitura de Livramento no pleito do ano que vem, pela aceita\u00e7\u00e3o popular e pela desenvoltura e trabalho realizado junto \u00e0 comunidade livramentense.<br>Vale lembrar que justificando ainda mais a for\u00e7a do nome de Adriano como poss\u00edvel candidato \u00e0 prefeitura livramentense, soma-se o fato de ele ser hoje aliado pol\u00edtico no estado dos Deputados: Efraim Filho como Federal e do presidente da assembleia, deputado estadual Adriano Galdino.<br><strong>F\u00c1BIO BRITO<\/strong><\/p>\n","protected":false},"excerpt":{"rendered":"<p>O Vice prefeito de Livramento Adriano Leite, participou da conven\u00e7\u00e3o estadual do Democratas que aconteceu na cidade de Cabedelo, evento bastante concorrido politicamente com a&hellip; <\/p>\n","protected":false},"author":1,"featured_media":113143,"comment_status":"closed","ping_status":"closed","sticky":false,"template":"","format":"standard","meta":{"sfsi_plus_gutenberg_text_before_share":"","sfsi_plus_gutenberg_show_text_before_share":"","sfsi_plus_gutenberg_icon_type":"","sfsi_plus_gutenberg_icon_alignemt":"","sfsi_plus_gutenburg_max_per_row":"","footnotes":""},"categories":[2],"tags":[],"class_list":["post-113142","post","type-post","status-publish","format-standard","has-post-thumbnail","hentry","category-geral"],"_links":{"self":[{"href":"https:\/\/www.caririemacao.com\/1\/wp-json\/wp\/v2\/posts\/113142","targetHints":{"allow":["GET"]}}],"collection":[{"href":"https:\/\/www.caririemacao.com\/1\/wp-json\/wp\/v2\/posts"}],"about":[{"href":"https:\/\/www.caririemacao.com\/1\/wp-json\/wp\/v2\/types\/post"}],"author":[{"embeddable":true,"href":"https:\/\/www.caririemacao.com\/1\/wp-json\/wp\/v2\/users\/1"}],"replies":[{"embeddable":true,"href":"https:\/\/www.caririemacao.com\/1\/wp-json\/wp\/v2\/comments?post=113142"}],"version-history":[{"count":1,"href":"https:\/\/www.caririemacao.com\/1\/wp-json\/wp\/v2\/posts\/113142\/revisions"}],"predecessor-version":[{"id":113144,"href":"https:\/\/www.caririemacao.com\/1\/wp-json\/wp\/v2\/posts\/113142\/revisions\/113144"}],"wp:featuredmedia":[{"embeddable":true,"href":"https:\/\/www.caririemacao.com\/1\/wp-json\/wp\/v2\/media\/113143"}],"wp:attachment":[{"href":"https:\/\/www.caririemacao.com\/1\/wp-json\/wp\/v2\/media?parent=113142"}],"wp:term":[{"taxonomy":"category","embeddable":true,"href":"https:\/\/www.caririemacao.com\/1\/wp-json\/wp\/v2\/categories?post=113142"},{"taxonomy":"post_tag","embeddable":true,"href":"https:\/\/www.caririemacao.com\/1\/wp-json\/wp\/v2\/tags?post=113142"}],"curies":[{"name":"wp","href":"https:\/\/api.w.org\/{rel}","templated":true}]}}