{"id":113151,"date":"2019-09-01T18:13:55","date_gmt":"2019-09-01T21:13:55","guid":{"rendered":"http:\/\/www.caririemacao.com\/1\/?p=113151"},"modified":"2019-09-01T18:13:55","modified_gmt":"2019-09-01T21:13:55","slug":"na-paraiba-haddad-chama-bolsonaro-de-pobre-coitado-e-cabra-ruim","status":"publish","type":"post","link":"https:\/\/www.caririemacao.com\/1\/2019\/09\/01\/na-paraiba-haddad-chama-bolsonaro-de-pobre-coitado-e-cabra-ruim\/","title":{"rendered":"Na Para\u00edba, Haddad chama Bolsonaro de \u201cpobre coitado\u201d e \u201ccabra ruim\u201d"},"content":{"rendered":"\n<p>O petista Fernando Haddad (PT) elevou o tom das cr\u00edticas ao presidente Jair Bolsonaro neste domingo (1\u00b0), na Para\u00edba. Durante o ato SOS Transposi\u00e7\u00e3o, o petista, derrotado nas elei\u00e7\u00f5es para a Presid\u00eancia em 2018, falou de uma articula\u00e7\u00e3o dos poderosos para prender o ex-presidente Lula, do mesmo partido. O evento, em Monteiro, teve o ex-governador Ricardo Coutinho (PSB) entre os seus organizadores e marcou uma tomada de posi\u00e7\u00e3o das esquerdas no Estado contra o atual presidente.<\/p>\n\n\n\n<p>\u201cO Bolsonaro \u00e9 t\u00e3o ruim, \u00e9 t\u00e3o ruim, que se a gente fizesse um sorteio para decidir quem ia ser o presidente da Rep\u00fablica entre todos os brasileiros, o resultado ia ser melhor. Ele \u00e9 um pobre coitado, \u00e9 um cabra ruim. \u00c9 uma pessoa que n\u00e3o tem empatia. N\u00e3o consegue se colocar no lugar de ningu\u00e9m. N\u00e3o consegue se colocar no lugar do negro, do \u00edndio, da mulher, do LGBT. N\u00e3o consegue. Tem dificuldade de enxergar \u00e0 frente o nordestino, que demorou 500 anos para ser enxergado pela Presid\u00eancia da Rep\u00fablica\u201d, disse o petista.<\/p>\n\n\n\n<p>Haddad tamb\u00e9m lembrou o ex-presidente Lula em v\u00e1rias oportunidades, durante o discurso. Sobre a condena\u00e7\u00e3o do petista, alegou que ele cumpre pena sem provas. \u201cEnquanto a justi\u00e7a n\u00e3o for feita, a gente n\u00e3o vai sair da rua\u201d, sentenciou. Diz que vai mudar de opini\u00e3o em rela\u00e7\u00e3o ao ex-presidente quando acharem uma conta dele no exterior ou dinheiro no colch\u00e3o. Assegurou que no dia em que isso for feito, ele vai procurar Lula e pedir ao ex-presidente que pe\u00e7a desculpas.<\/p>\n\n\n\n<p>\u201cAgora, inventar o que voc\u00eas inventaram s\u00f3 para botar esse cara (Bolsonaro) na Presid\u00eancia, que n\u00e3o sabe conjugar l\u00e9 com cr\u00e9? E o Lula fazendo tudo o que fez pelo Brasil? O passaporte do Brasil era respeitado. Eles estendiam um tapete para voc\u00ea\u201d, disse Haddad, alegando que quando se chega no exterior, hoje, \u00e9 preciso explicar como \u00e9 que o Brasil elegeu Bolsonaro. \u201cN\u00e3o foi o povo que colocou o Bolsonaro na Presid\u00eancia, foi a mentira\u201d, disse.<\/p>\n\n\n\n<p>Jornal da Para\u00edba &#8211; Suetoni Souto Maior<\/p>\n","protected":false},"excerpt":{"rendered":"<p>O petista Fernando Haddad (PT) elevou o tom das cr\u00edticas ao presidente Jair Bolsonaro neste domingo (1\u00b0), na Para\u00edba. Durante o ato SOS Transposi\u00e7\u00e3o, o&hellip; <\/p>\n","protected":false},"author":2,"featured_media":113152,"comment_status":"closed","ping_status":"closed","sticky":false,"template":"","format":"standard","meta":{"sfsi_plus_gutenberg_text_before_share":"","sfsi_plus_gutenberg_show_text_before_share":"","sfsi_plus_gutenberg_icon_type":"","sfsi_plus_gutenberg_icon_alignemt":"","sfsi_plus_gutenburg_max_per_row":"","footnotes":""},"categories":[50,11],"tags":[],"class_list":["post-113151","post","type-post","status-publish","format-standard","has-post-thumbnail","hentry","category-destaque","category-politica"],"_links":{"self":[{"href":"https:\/\/www.caririemacao.com\/1\/wp-json\/wp\/v2\/posts\/113151","targetHints":{"allow":["GET"]}}],"collection":[{"href":"https:\/\/www.caririemacao.com\/1\/wp-json\/wp\/v2\/posts"}],"about":[{"href":"https:\/\/www.caririemacao.com\/1\/wp-json\/wp\/v2\/types\/post"}],"author":[{"embeddable":true,"href":"https:\/\/www.caririemacao.com\/1\/wp-json\/wp\/v2\/users\/2"}],"replies":[{"embeddable":true,"href":"https:\/\/www.caririemacao.com\/1\/wp-json\/wp\/v2\/comments?post=113151"}],"version-history":[{"count":1,"href":"https:\/\/www.caririemacao.com\/1\/wp-json\/wp\/v2\/posts\/113151\/revisions"}],"predecessor-version":[{"id":113153,"href":"https:\/\/www.caririemacao.com\/1\/wp-json\/wp\/v2\/posts\/113151\/revisions\/113153"}],"wp:featuredmedia":[{"embeddable":true,"href":"https:\/\/www.caririemacao.com\/1\/wp-json\/wp\/v2\/media\/113152"}],"wp:attachment":[{"href":"https:\/\/www.caririemacao.com\/1\/wp-json\/wp\/v2\/media?parent=113151"}],"wp:term":[{"taxonomy":"category","embeddable":true,"href":"https:\/\/www.caririemacao.com\/1\/wp-json\/wp\/v2\/categories?post=113151"},{"taxonomy":"post_tag","embeddable":true,"href":"https:\/\/www.caririemacao.com\/1\/wp-json\/wp\/v2\/tags?post=113151"}],"curies":[{"name":"wp","href":"https:\/\/api.w.org\/{rel}","templated":true}]}}