{"id":113154,"date":"2019-09-01T18:24:40","date_gmt":"2019-09-01T21:24:40","guid":{"rendered":"http:\/\/www.caririemacao.com\/1\/?p=113154"},"modified":"2019-09-01T18:24:40","modified_gmt":"2019-09-01T21:24:40","slug":"video-parlamentares-de-oposicao-comentam-uso-de-diarias-por-helder-e-o-clima-esquenta-em-sao-joao-do-cariri","status":"publish","type":"post","link":"https:\/\/www.caririemacao.com\/1\/2019\/09\/01\/video-parlamentares-de-oposicao-comentam-uso-de-diarias-por-helder-e-o-clima-esquenta-em-sao-joao-do-cariri\/","title":{"rendered":"V\u00eddeo: parlamentares de oposi\u00e7\u00e3o comentam uso de di\u00e1rias por H\u00e9lder e o clima esquenta em S\u00e3o Jo\u00e3o do Cariri"},"content":{"rendered":"\n<figure class=\"wp-block-image\"><img decoding=\"async\" data-src=\"http:\/\/www.blogdobrunolira.com.br\/wp-content\/uploads\/2019\/08\/57308efa45ff4-533x414.jpg\" alt=\"\" src=\"data:image\/svg+xml;base64,PHN2ZyB3aWR0aD0iMSIgaGVpZ2h0PSIxIiB4bWxucz0iaHR0cDovL3d3dy53My5vcmcvMjAwMC9zdmciPjwvc3ZnPg==\" class=\"lazyload\" style=\"--smush-placeholder-width: 533px; --smush-placeholder-aspect-ratio: 533\/414;\" \/><\/figure>\n\n\n\n<p>O clima esquentou durante a sess\u00e3o ordin\u00e1ria na C\u00e2mara de Vereadores de S\u00e3o Jo\u00e3o do Cariri, na \u00faltima quinta-feira (29), quando parlamentares da oposi\u00e7\u00e3o indagaram sobre o uso de di\u00e1ria pelo prefeito H\u00e9lder Trajano.<\/p>\n\n\n\n<p>Os vereadores Chic\u00e3o Medeiros e George Aquino comentaram uma publica\u00e7\u00e3o postada no site do Tribunal de Contas (Sagres), que mostra que o prefeito de S\u00e3o Jo\u00e3o do Cariri utilizou uma di\u00e1ria no valor de R$ 750,00 reais para as despesas com o deslocamento do prefeito para viagem a Jo\u00e3o Pessoa, no pr\u00f3prio Tribunal de Contas.<\/p>\n\n\n\n<p>O l\u00edder da situa\u00e7\u00e3o, vereador H\u00e9lio Morais saiu em defesa do prefeito H\u00e9lder e alfinetou o vereador George: \u201cAqui n\u00e3o tem crian\u00e7a e nem inocente. Quero dizer que caro \u00e9 sal\u00e1rio de vereador que falta \u00e0s sess\u00f5es\u201d, disse H\u00e9lio em defesa do prefeito.<\/p>\n\n\n\n<p>Como foi citado na fala de H\u00e9lio, George teve o direito \u00e0 resposta e afirmou que n\u00e3o tem medo de voz alta, em resposta ao vereador H\u00e9lio.<\/p>\n\n\n\n<p>No Sagres, ferramenta de acompanhamento de despesas do Tribunal de Contas do Estado, est\u00e1 o seguinte texto:<\/p>\n\n\n\n<blockquote class=\"wp-block-quote is-layout-flow wp-block-quote-is-layout-flow\"><p>Import\u00e2ncia que se empenha para atender ao pagamento de di\u00e1rias, ao prefeito municipal, pelo seu deslocamento a cidade de Jo\u00e3o Pessoa, para visita ao Tribunal de Contas do Estado da Paraiba, para confec\u00e7\u00e3o da chave de acesso do sagres.<\/p><\/blockquote>\n\n\n\n<figure class=\"wp-block-image\"><img decoding=\"async\" data-src=\"http:\/\/www.blogdobrunolira.com.br\/wp-content\/uploads\/2019\/08\/S%C3%A3o-Jo%C3%A3o.jpg\" alt=\"\" class=\"wp-image-14739 lazyload\" src=\"data:image\/svg+xml;base64,PHN2ZyB3aWR0aD0iMSIgaGVpZ2h0PSIxIiB4bWxucz0iaHR0cDovL3d3dy53My5vcmcvMjAwMC9zdmciPjwvc3ZnPg==\" \/><\/figure>\n\n\n\n<p><strong>Veja o v\u00eddeo:<\/strong><\/p>\n\n\n\n<figure><iframe data-src=\"http:\/\/www.youtube.com\/embed\/grnOpPGFPIQ?version=3&amp;rel=1&amp;fs=1&amp;autohide=2&amp;showsearch=0&amp;showinfo=1&amp;iv_load_policy=1&amp;wmode=transparent\" allowfullscreen=\"true\" src=\"data:image\/svg+xml;base64,PHN2ZyB3aWR0aD0iMSIgaGVpZ2h0PSIxIiB4bWxucz0iaHR0cDovL3d3dy53My5vcmcvMjAwMC9zdmciPjwvc3ZnPg==\" class=\"lazyload\" data-load-mode=\"1\"><\/iframe><\/figure>\n\n\n\n<figure><iframe data-src=\"http:\/\/www.youtube.com\/embed\/QKQ6trgGv4E?version=3&amp;rel=1&amp;fs=1&amp;autohide=2&amp;showsearch=0&amp;showinfo=1&amp;iv_load_policy=1&amp;wmode=transparent\" allowfullscreen=\"true\" src=\"data:image\/svg+xml;base64,PHN2ZyB3aWR0aD0iMSIgaGVpZ2h0PSIxIiB4bWxucz0iaHR0cDovL3d3dy53My5vcmcvMjAwMC9zdmciPjwvc3ZnPg==\" class=\"lazyload\" data-load-mode=\"1\"><\/iframe><\/figure>\n","protected":false},"excerpt":{"rendered":"<p>O clima esquentou durante a sess\u00e3o ordin\u00e1ria na C\u00e2mara de Vereadores de S\u00e3o Jo\u00e3o do Cariri, na \u00faltima quinta-feira (29), quando parlamentares da oposi\u00e7\u00e3o indagaram&hellip; <\/p>\n","protected":false},"author":1,"featured_media":113156,"comment_status":"closed","ping_status":"closed","sticky":false,"template":"","format":"standard","meta":{"sfsi_plus_gutenberg_text_before_share":"","sfsi_plus_gutenberg_show_text_before_share":"","sfsi_plus_gutenberg_icon_type":"","sfsi_plus_gutenberg_icon_alignemt":"","sfsi_plus_gutenburg_max_per_row":"","footnotes":""},"categories":[2],"tags":[],"class_list":["post-113154","post","type-post","status-publish","format-standard","has-post-thumbnail","hentry","category-geral"],"_links":{"self":[{"href":"https:\/\/www.caririemacao.com\/1\/wp-json\/wp\/v2\/posts\/113154","targetHints":{"allow":["GET"]}}],"collection":[{"href":"https:\/\/www.caririemacao.com\/1\/wp-json\/wp\/v2\/posts"}],"about":[{"href":"https:\/\/www.caririemacao.com\/1\/wp-json\/wp\/v2\/types\/post"}],"author":[{"embeddable":true,"href":"https:\/\/www.caririemacao.com\/1\/wp-json\/wp\/v2\/users\/1"}],"replies":[{"embeddable":true,"href":"https:\/\/www.caririemacao.com\/1\/wp-json\/wp\/v2\/comments?post=113154"}],"version-history":[{"count":1,"href":"https:\/\/www.caririemacao.com\/1\/wp-json\/wp\/v2\/posts\/113154\/revisions"}],"predecessor-version":[{"id":113157,"href":"https:\/\/www.caririemacao.com\/1\/wp-json\/wp\/v2\/posts\/113154\/revisions\/113157"}],"wp:featuredmedia":[{"embeddable":true,"href":"https:\/\/www.caririemacao.com\/1\/wp-json\/wp\/v2\/media\/113156"}],"wp:attachment":[{"href":"https:\/\/www.caririemacao.com\/1\/wp-json\/wp\/v2\/media?parent=113154"}],"wp:term":[{"taxonomy":"category","embeddable":true,"href":"https:\/\/www.caririemacao.com\/1\/wp-json\/wp\/v2\/categories?post=113154"},{"taxonomy":"post_tag","embeddable":true,"href":"https:\/\/www.caririemacao.com\/1\/wp-json\/wp\/v2\/tags?post=113154"}],"curies":[{"name":"wp","href":"https:\/\/api.w.org\/{rel}","templated":true}]}}