{"id":113164,"date":"2019-09-01T18:39:53","date_gmt":"2019-09-01T21:39:53","guid":{"rendered":"http:\/\/www.caririemacao.com\/1\/?p=113164"},"modified":"2019-09-01T18:39:53","modified_gmt":"2019-09-01T21:39:53","slug":"nao-foram-joao-henrique-e-edna-henrique-nao-participam-de-ato-a-favor-das-aguas-da-transposicao-e-sao-cobrados-em-monteiro","status":"publish","type":"post","link":"https:\/\/www.caririemacao.com\/1\/2019\/09\/01\/nao-foram-joao-henrique-e-edna-henrique-nao-participam-de-ato-a-favor-das-aguas-da-transposicao-e-sao-cobrados-em-monteiro\/","title":{"rendered":"N\u00c3O FORAM: Jo\u00e3o Henrique e Edna Henrique n\u00e3o participam de ato a favor das \u00e1guas da Transposi\u00e7\u00e3o e s\u00e3o cobrados em Monteiro"},"content":{"rendered":"\n<p>Durante o Ato SOS TRANSPOSI\u00c7\u00c3O promovido neste domingo, dia 1\u00ba de setembro, na cidade de Monteiro, no Cariri Paraibano, para pedir o fim da interrup\u00e7\u00e3o do bombeamento das \u00e1guas do Rio S\u00e3o Francisco, que beneficia milhares de paraibanos, partindo do munic\u00edpio de Monteiro, foi notada a aus\u00eancia do deputado estadual Jo\u00e3o Henrique e da deputada Edna Henrique.<\/p>\n\n\n\n<figure class=\"wp-block-image\"><img fetchpriority=\"high\" decoding=\"async\" width=\"1024\" height=\"678\" src=\"http:\/\/www.caririemacao.com\/1\/wp-content\/uploads\/2019\/09\/SOS2-4-1024x678.jpg\" alt=\"\" class=\"wp-image-113166\" srcset=\"https:\/\/www.caririemacao.com\/1\/wp-content\/uploads\/2019\/09\/SOS2-4-1024x678.jpg 1024w, https:\/\/www.caririemacao.com\/1\/wp-content\/uploads\/2019\/09\/SOS2-4-300x199.jpg 300w, https:\/\/www.caririemacao.com\/1\/wp-content\/uploads\/2019\/09\/SOS2-4-768x509.jpg 768w, https:\/\/www.caririemacao.com\/1\/wp-content\/uploads\/2019\/09\/SOS2-4.jpg 1280w\" sizes=\"(max-width: 1024px) 100vw, 1024px\" \/><\/figure>\n\n\n\n<p>No seu discurso, o prefeito em exerc\u00edcio de Monteiro, Celecileno,\ncomentou desta aus\u00eancia e disse que os deputados ausentes que s\u00e3o de Monteiro deveriam\ndar exemplo e participar do ato em defesa dos nordestinos e em especial dos\nparaibanos que votaram neles nas elei\u00e7\u00f5es do ano passado.<\/p>\n\n\n\n<p>\u201cEles foram votados pelos monteirenses e caririzeiros e\ndeveriam estar aqui participando, somando for\u00e7as em defesa da \u00e1guas da\ntransposi\u00e7\u00e3o do S\u00e3o Francisco. Neste momento n\u00e3o participam e deixam de\nrefor\u00e7ar o pedido ao governo federal de que n\u00f3s precisamos dessas \u00e1guas\u201d,\ndesabafou o vice-prefeito.<\/p>\n","protected":false},"excerpt":{"rendered":"<p>Durante o Ato SOS TRANSPOSI\u00c7\u00c3O promovido neste domingo, dia 1\u00ba de setembro, na cidade de Monteiro, no Cariri Paraibano, para pedir o fim da interrup\u00e7\u00e3o&hellip; <\/p>\n","protected":false},"author":2,"featured_media":113165,"comment_status":"closed","ping_status":"closed","sticky":false,"template":"","format":"standard","meta":{"sfsi_plus_gutenberg_text_before_share":"","sfsi_plus_gutenberg_show_text_before_share":"","sfsi_plus_gutenberg_icon_type":"","sfsi_plus_gutenberg_icon_alignemt":"","sfsi_plus_gutenburg_max_per_row":"","footnotes":""},"categories":[50,2],"tags":[],"class_list":["post-113164","post","type-post","status-publish","format-standard","has-post-thumbnail","hentry","category-destaque","category-geral"],"_links":{"self":[{"href":"https:\/\/www.caririemacao.com\/1\/wp-json\/wp\/v2\/posts\/113164","targetHints":{"allow":["GET"]}}],"collection":[{"href":"https:\/\/www.caririemacao.com\/1\/wp-json\/wp\/v2\/posts"}],"about":[{"href":"https:\/\/www.caririemacao.com\/1\/wp-json\/wp\/v2\/types\/post"}],"author":[{"embeddable":true,"href":"https:\/\/www.caririemacao.com\/1\/wp-json\/wp\/v2\/users\/2"}],"replies":[{"embeddable":true,"href":"https:\/\/www.caririemacao.com\/1\/wp-json\/wp\/v2\/comments?post=113164"}],"version-history":[{"count":1,"href":"https:\/\/www.caririemacao.com\/1\/wp-json\/wp\/v2\/posts\/113164\/revisions"}],"predecessor-version":[{"id":113167,"href":"https:\/\/www.caririemacao.com\/1\/wp-json\/wp\/v2\/posts\/113164\/revisions\/113167"}],"wp:featuredmedia":[{"embeddable":true,"href":"https:\/\/www.caririemacao.com\/1\/wp-json\/wp\/v2\/media\/113165"}],"wp:attachment":[{"href":"https:\/\/www.caririemacao.com\/1\/wp-json\/wp\/v2\/media?parent=113164"}],"wp:term":[{"taxonomy":"category","embeddable":true,"href":"https:\/\/www.caririemacao.com\/1\/wp-json\/wp\/v2\/categories?post=113164"},{"taxonomy":"post_tag","embeddable":true,"href":"https:\/\/www.caririemacao.com\/1\/wp-json\/wp\/v2\/tags?post=113164"}],"curies":[{"name":"wp","href":"https:\/\/api.w.org\/{rel}","templated":true}]}}