{"id":113169,"date":"2019-09-01T21:21:08","date_gmt":"2019-09-02T00:21:08","guid":{"rendered":"http:\/\/www.caririemacao.com\/1\/?p=113169"},"modified":"2019-09-01T21:21:08","modified_gmt":"2019-09-02T00:21:08","slug":"professores-da-rede-municipal-de-ouro-velho-participam-de-encontro-promovido-pela-a-ufcg","status":"publish","type":"post","link":"https:\/\/www.caririemacao.com\/1\/2019\/09\/01\/professores-da-rede-municipal-de-ouro-velho-participam-de-encontro-promovido-pela-a-ufcg\/","title":{"rendered":"Professores da rede municipal de Ouro Velho participam de encontro promovido pela a UFCG"},"content":{"rendered":"\n<p>A Nupeforp, Unidade Acad\u00eamica de Educa\u00e7\u00e3o do Campo do Centro de Desenvolvimento Sustent\u00e1vel do Semi\u00e1rido da UFCG promoveu tr\u00eas encontros de forma\u00e7\u00e3o dos Polos 1, 2 e 3 da Educa\u00e7\u00e3o Infantil na Para\u00edba.&nbsp; O encontro teve como tema \u201cA base nacional comum curricular e o cotidiano nas institui\u00e7\u00f5es de educa\u00e7\u00e3o infantil\u201d<\/p>\n\n\n\n<p>O evento ocorreu, na cidade de Monteiro, neste s\u00e1bado. A cidade de Ouro Velho, estava sendo representada pela a Secretaria Municipal de Educa\u00e7\u00e3o, a coordenadora pedag\u00f3gica da Educa\u00e7\u00e3o Infantil e professores da Educa\u00e7\u00e3o Infantil do munic\u00edpio<\/p>\n\n\n\n<p>\u201cPor solicita\u00e7\u00e3o dos profissionais, organizamos o calend\u00e1rio da forma\u00e7\u00e3o, levando em conta hor\u00e1rios distintos para gestores, coordenadores e demais funcion\u00e1rios\u201d \u2013 explicou a coordenadora do departamento de assessoria pedag\u00f3gica da UFCG.<\/p>\n\n\n\n<p>Momentos de forma\u00e7\u00e3o e capacita\u00e7\u00e3o dos professores s\u00e3o constantes na rede municipal de Ouro Velho. Para a respons\u00e1vel da pasta, Edjane Cabral, \u00e9 importante oferecer ao profissional a oportunidade de atualiza\u00e7\u00e3o e conhecimento.<\/p>\n\n\n\n<p>\u201cEssa \u00faltima forma\u00e7\u00e3o foi diferenciada. J\u00e1 que os professores puderam colocar em pr\u00e1tica quest\u00f5es relacionadas a Base Nacional Comum Curricular.\u201d<\/p>\n\n\n\n<p><strong>Veja fotos:<\/strong><\/p>\n\n\n\n<figure class=\"wp-block-image\"><img decoding=\"async\" data-src=\"https:\/\/www.politicaparahyba.com.br\/wp-content\/uploads\/2019\/08\/3d6692dd-07ad-4ae6-ac0a-e2b675fbe756-300x225.jpg\" alt=\"\" class=\"wp-image-10237 lazyload\" src=\"data:image\/svg+xml;base64,PHN2ZyB3aWR0aD0iMSIgaGVpZ2h0PSIxIiB4bWxucz0iaHR0cDovL3d3dy53My5vcmcvMjAwMC9zdmciPjwvc3ZnPg==\" style=\"--smush-placeholder-width: 300px; --smush-placeholder-aspect-ratio: 300\/225;\" \/><\/figure>\n\n\n\n<figure class=\"wp-block-image\"><img decoding=\"async\" data-src=\"https:\/\/www.politicaparahyba.com.br\/wp-content\/uploads\/2019\/08\/c9aa81a2-7b51-4aee-b73e-dd912b5ba28e-225x300.jpg\" alt=\"\" class=\"wp-image-10238 lazyload\" src=\"data:image\/svg+xml;base64,PHN2ZyB3aWR0aD0iMSIgaGVpZ2h0PSIxIiB4bWxucz0iaHR0cDovL3d3dy53My5vcmcvMjAwMC9zdmciPjwvc3ZnPg==\" style=\"--smush-placeholder-width: 225px; --smush-placeholder-aspect-ratio: 225\/300;\" \/><\/figure>\n\n\n\n<figure class=\"wp-block-image\"><img decoding=\"async\" data-src=\"https:\/\/www.politicaparahyba.com.br\/wp-content\/uploads\/2019\/08\/c8f9108b-97e9-4cc4-9378-48464625cd5a-300x225.jpg\" alt=\"\" class=\"wp-image-10242 lazyload\" src=\"data:image\/svg+xml;base64,PHN2ZyB3aWR0aD0iMSIgaGVpZ2h0PSIxIiB4bWxucz0iaHR0cDovL3d3dy53My5vcmcvMjAwMC9zdmciPjwvc3ZnPg==\" style=\"--smush-placeholder-width: 300px; --smush-placeholder-aspect-ratio: 300\/225;\" \/><\/figure>\n","protected":false},"excerpt":{"rendered":"<p>A Nupeforp, Unidade Acad\u00eamica de Educa\u00e7\u00e3o do Campo do Centro de Desenvolvimento Sustent\u00e1vel do Semi\u00e1rido da UFCG promoveu tr\u00eas encontros de forma\u00e7\u00e3o dos Polos 1,&hellip; <\/p>\n","protected":false},"author":1,"featured_media":113171,"comment_status":"closed","ping_status":"closed","sticky":false,"template":"","format":"standard","meta":{"sfsi_plus_gutenberg_text_before_share":"","sfsi_plus_gutenberg_show_text_before_share":"","sfsi_plus_gutenberg_icon_type":"","sfsi_plus_gutenberg_icon_alignemt":"","sfsi_plus_gutenburg_max_per_row":"","footnotes":""},"categories":[2],"tags":[],"class_list":["post-113169","post","type-post","status-publish","format-standard","has-post-thumbnail","hentry","category-geral"],"_links":{"self":[{"href":"https:\/\/www.caririemacao.com\/1\/wp-json\/wp\/v2\/posts\/113169","targetHints":{"allow":["GET"]}}],"collection":[{"href":"https:\/\/www.caririemacao.com\/1\/wp-json\/wp\/v2\/posts"}],"about":[{"href":"https:\/\/www.caririemacao.com\/1\/wp-json\/wp\/v2\/types\/post"}],"author":[{"embeddable":true,"href":"https:\/\/www.caririemacao.com\/1\/wp-json\/wp\/v2\/users\/1"}],"replies":[{"embeddable":true,"href":"https:\/\/www.caririemacao.com\/1\/wp-json\/wp\/v2\/comments?post=113169"}],"version-history":[{"count":1,"href":"https:\/\/www.caririemacao.com\/1\/wp-json\/wp\/v2\/posts\/113169\/revisions"}],"predecessor-version":[{"id":113172,"href":"https:\/\/www.caririemacao.com\/1\/wp-json\/wp\/v2\/posts\/113169\/revisions\/113172"}],"wp:featuredmedia":[{"embeddable":true,"href":"https:\/\/www.caririemacao.com\/1\/wp-json\/wp\/v2\/media\/113171"}],"wp:attachment":[{"href":"https:\/\/www.caririemacao.com\/1\/wp-json\/wp\/v2\/media?parent=113169"}],"wp:term":[{"taxonomy":"category","embeddable":true,"href":"https:\/\/www.caririemacao.com\/1\/wp-json\/wp\/v2\/categories?post=113169"},{"taxonomy":"post_tag","embeddable":true,"href":"https:\/\/www.caririemacao.com\/1\/wp-json\/wp\/v2\/tags?post=113169"}],"curies":[{"name":"wp","href":"https:\/\/api.w.org\/{rel}","templated":true}]}}