{"id":113198,"date":"2019-09-02T07:06:35","date_gmt":"2019-09-02T10:06:35","guid":{"rendered":"http:\/\/www.caririemacao.com\/1\/?p=113198"},"modified":"2019-09-02T07:06:35","modified_gmt":"2019-09-02T10:06:35","slug":"eleicoes-2020-advogado-devera-concorrer-vaga-na-camara-de-gurjao","status":"publish","type":"post","link":"https:\/\/www.caririemacao.com\/1\/2019\/09\/02\/eleicoes-2020-advogado-devera-concorrer-vaga-na-camara-de-gurjao\/","title":{"rendered":"Elei\u00e7\u00f5es 2020: advogado dever\u00e1 concorrer vaga na C\u00e2mara de Gurj\u00e3o"},"content":{"rendered":"\n<p>O grupo de oposi\u00e7\u00e3o na cidade de Gurj\u00e3o est\u00e1 se articulando para as elei\u00e7\u00f5es 2020 e busca unificar nomes que possam ir para o enfrentamento nas elei\u00e7\u00f5es que se avizinham, na majorit\u00e1ria e proporcional.<\/p>\n\n\n\n<p>Recentemente o grupo fez um convite ao jovem advogado, Dr. Silvio, para disputar uma vaga como candidato a vereador nas elei\u00e7\u00f5es de 2020. Silvio \u00e9 de uma fam\u00edlia tradicional em Gruj\u00e3o e tem uma atua\u00e7\u00e3o profissional muito forte na regi\u00e3o do Cariri.<\/p>\n\n\n\n<p>\u201cDr. Silvio \u00e9 um nome forte e poder\u00e1 dar uma grande contribui\u00e7\u00e3o para popula\u00e7\u00e3o com o seu conhecimento na C\u00e2mara de Gurj\u00e3o\u201d, expressou o ex-vereador Edvan.<\/p>\n","protected":false},"excerpt":{"rendered":"<p>O grupo de oposi\u00e7\u00e3o na cidade de Gurj\u00e3o est\u00e1 se articulando para as elei\u00e7\u00f5es 2020 e busca unificar nomes que possam ir para o enfrentamento&hellip; <\/p>\n","protected":false},"author":1,"featured_media":113200,"comment_status":"closed","ping_status":"closed","sticky":false,"template":"","format":"standard","meta":{"sfsi_plus_gutenberg_text_before_share":"","sfsi_plus_gutenberg_show_text_before_share":"","sfsi_plus_gutenberg_icon_type":"","sfsi_plus_gutenberg_icon_alignemt":"","sfsi_plus_gutenburg_max_per_row":"","footnotes":""},"categories":[2],"tags":[],"class_list":["post-113198","post","type-post","status-publish","format-standard","has-post-thumbnail","hentry","category-geral"],"_links":{"self":[{"href":"https:\/\/www.caririemacao.com\/1\/wp-json\/wp\/v2\/posts\/113198","targetHints":{"allow":["GET"]}}],"collection":[{"href":"https:\/\/www.caririemacao.com\/1\/wp-json\/wp\/v2\/posts"}],"about":[{"href":"https:\/\/www.caririemacao.com\/1\/wp-json\/wp\/v2\/types\/post"}],"author":[{"embeddable":true,"href":"https:\/\/www.caririemacao.com\/1\/wp-json\/wp\/v2\/users\/1"}],"replies":[{"embeddable":true,"href":"https:\/\/www.caririemacao.com\/1\/wp-json\/wp\/v2\/comments?post=113198"}],"version-history":[{"count":1,"href":"https:\/\/www.caririemacao.com\/1\/wp-json\/wp\/v2\/posts\/113198\/revisions"}],"predecessor-version":[{"id":113201,"href":"https:\/\/www.caririemacao.com\/1\/wp-json\/wp\/v2\/posts\/113198\/revisions\/113201"}],"wp:featuredmedia":[{"embeddable":true,"href":"https:\/\/www.caririemacao.com\/1\/wp-json\/wp\/v2\/media\/113200"}],"wp:attachment":[{"href":"https:\/\/www.caririemacao.com\/1\/wp-json\/wp\/v2\/media?parent=113198"}],"wp:term":[{"taxonomy":"category","embeddable":true,"href":"https:\/\/www.caririemacao.com\/1\/wp-json\/wp\/v2\/categories?post=113198"},{"taxonomy":"post_tag","embeddable":true,"href":"https:\/\/www.caririemacao.com\/1\/wp-json\/wp\/v2\/tags?post=113198"}],"curies":[{"name":"wp","href":"https:\/\/api.w.org\/{rel}","templated":true}]}}