{"id":113230,"date":"2019-09-02T07:14:40","date_gmt":"2019-09-02T10:14:40","guid":{"rendered":"http:\/\/www.caririemacao.com\/1\/?p=113230"},"modified":"2019-09-02T07:14:40","modified_gmt":"2019-09-02T10:14:40","slug":"museu-nacional-resgate-e-doacoes-ajudam-a-recompor-acervo-cientifico","status":"publish","type":"post","link":"https:\/\/www.caririemacao.com\/1\/2019\/09\/02\/museu-nacional-resgate-e-doacoes-ajudam-a-recompor-acervo-cientifico\/","title":{"rendered":"Museu Nacional: resgate e doa\u00e7\u00f5es ajudam a recompor acervo cient\u00edfico"},"content":{"rendered":"\n<p>Um ano ap\u00f3s o inc\u00eandio que destruiu o Museu Nacional, na Quinta da Boa Vista, no dia 2 de setembro de 2008, algumas boas not\u00edcias animam os pesquisadores da institui\u00e7\u00e3o. Uma das coordenadoras do trabalho de resgate de pe\u00e7as nos escombros, a professora Luciana Carvalho detalha que foram recuperadas pe\u00e7as importantes para a pesquisa, como esqueletos humanos, inclusive fragmentos do ic\u00f4nico&nbsp;<a href=\"http:\/\/agenciabrasil.ebc.com.br\/geral\/noticia\/2018-10\/fragmentos-do-cranio-de-luzia-sao-encontrados-no-museu-nacional\" target=\"_blank\" rel=\"noreferrer noopener\">cr\u00e2nio da Luiza<\/a>, o mais antigo f\u00f3ssil encontrado no continente americano.<\/p>\n\n\n\n<figure class=\"wp-block-image\"><img decoding=\"async\" data-src=\"http:\/\/imagens.ebc.com.br\/oAtWtwyvJL4WnZdeO_SRooO4Rvc=\/365x0\/smart\/http:\/\/agenciabrasil.ebc.com.br\/sites\/default\/files\/thumbnails\/image\/tmazs_abr_07051915176rj.jpg?itok=GvdSMjxy\" alt=\"A pesquisadora Luciana Carvalho fala durante apresenta\u00e7\u00e3o de pe\u00e7as resgatadas dos escombros do Museu Nacional e pertencentes a cole\u00e7\u00e3o eg\u00edpcia da institui\u00e7\u00e3o em evento no Observat\u00f3rio Nacional, em S\u00e3o Crist\u00f3v\u00e3o, na zona norte do Rio. \" src=\"data:image\/svg+xml;base64,PHN2ZyB3aWR0aD0iMSIgaGVpZ2h0PSIxIiB4bWxucz0iaHR0cDovL3d3dy53My5vcmcvMjAwMC9zdmciPjwvc3ZnPg==\" class=\"lazyload\" \/><\/figure>\n\n\n\n<p>Pesquisadora Luciana Carvalho&nbsp;<strong>Arquivo\/Tomaz Silva\/Ag\u00eancia Brasil<\/strong><\/p>\n\n\n\n<p>Ela cita tamb\u00e9m a recupera\u00e7\u00e3o de paleovertebrados e pe\u00e7as que contribu\u00edram para descrever novas esp\u00e9cies, chamados de hol\u00f3tipos.<\/p>\n\n\n\n<p>\u201cEstamos atuando agora nos esqueletos humanos, que resistem bem ao calor. N\u00f3s resgatamos materiais da nossa cole\u00e7\u00e3o de paleovertebrados, n\u00e3o s\u00f3 os dinossauros, mas tamb\u00e9m de diversos mam\u00edferos e os hol\u00f3tipos desses vertebrados. Assim como tamb\u00e9m toda a cole\u00e7\u00e3o de hol\u00f3tipos da paleontologia de invertebrados, que estava em um arm\u00e1rio que, pela localiza\u00e7\u00e3o, n\u00e3o foi tombado nem destru\u00eddo. Isso \u00e9 uma not\u00edcia maravilhosa\u201d.<\/p>\n\n\n\n<p>O diretor do museu, Alexander Kellner, informou que v\u00e1rias doa\u00e7\u00f5es importantes para recompor o acervo cient\u00edfico e de pesquisa j\u00e1 foram prometidas e entregues.<\/p>\n\n\n\n<p>\u201cNa entomologia n\u00f3s tivemos 20 doa\u00e7\u00f5es que dariam mais ou menos 23 mil itens, foi certamente uma das \u00e1reas que mais sofreu. Em vertebrados, foram mais de 500 esp\u00e9cimes de diversas \u00e1reas do Brasil que foram doados. Na geologia e paleontologia, n\u00f3s tivemos bens apreendidos pela Receita Federal que foram destinados ao Museu Nacional. Eu fa\u00e7o um apelo p\u00fablico para que isso continue assim: se tiver bens apreendidos, que sejam revertidos para a institui\u00e7\u00e3o Museu Nacional\u201d.<\/p>\n\n\n\n<p>Kellner destaca que a&nbsp;<a href=\"http:\/\/agenciabrasil.ebc.com.br\/geral\/noticia\/2018-09\/campanha-pede-doacao-de-livros-para-biblioteca-do-museu-nacional\" target=\"_blank\" rel=\"noreferrer noopener\">Biblioteca Francisca Keller<\/a>, do Programa de P\u00f3s-Gradua\u00e7\u00e3o em &nbsp;Antropologia Social, que tinha 37 mil documentos e livros e foi totalmente incinerada, j\u00e1 est\u00e1 sendo recomposta.<\/p>\n\n\n\n<p>\u201cA Biblioteca Francisca Keller tem mais ou menos 10.500 volumes que j\u00e1 foram doados, j\u00e1 foram recebidos, e outros 8 mil a caminho. Desses a\u00ed, s\u00f3 o que a gente vai receber da Fran\u00e7a s\u00e3o aproximadamente 700 quilos. E tamb\u00e9m tivemos na Biblioteca Central a doa\u00e7\u00e3o de v\u00e1rios outros livros, mais de 170 quilos\u201d.<\/p>\n\n\n\n<p>Ele cita tamb\u00e9m a&nbsp;<a href=\"http:\/\/agenciabrasil.ebc.com.br\/geral\/noticia\/2019-03\/museu-nacional-recebe-bolsas-de-pesquisa-do-governo-do-rio\" target=\"_blank\" rel=\"noreferrer noopener\">verba disponibilizada<\/a>pela Coordena\u00e7\u00e3o de Aperfei\u00e7oamento de Pessoal de N\u00edvel Superior (Capes), de R$2,5 milh\u00f5es para a pesquisa de p\u00f3s-gradua\u00e7\u00e3o do museu, e as bolsas da Funda\u00e7\u00e3o Carlos Chagas Filho de Amparo \u00e0 Pesquisa do Rio de Janeiro (Faperj), no valor de R$3 mil reais por m\u00eas para 72 pesquisadores pelo per\u00edodo de um ano.<\/p>\n\n\n\n<p>\u201cPode n\u00e3o parecer muito, mas \u00e9 essa verba que faz com que voc\u00ea consiga respirar. Faz com que o professor possa fazer uma atividade de campo, que possa levar o estudante para algum local, inclusive para coletar material\u201d.<\/p>\n\n\n\n<figure class=\"wp-block-image\"><img decoding=\"async\" data-src=\"http:\/\/imagens.ebc.com.br\/mBe5DGuhd65WgFZ7lVsT6uWDRsc=\/365x0\/smart\/http:\/\/agenciabrasil.ebc.com.br\/sites\/default\/files\/thumbnails\/image\/tmaz_abr_080620197250.jpg?itok=w0xq8BqK\" alt=\"A reitora nomeada da Universidade Federal do Rio de Janeiro (UFRJ), Denise Pires de Carvalho fala durante evento em comemora\u00e7\u00e3o aos 201 anos do Museu Nacional na Quinta da Boa Vista, no Rio de Janeiro.\" src=\"data:image\/svg+xml;base64,PHN2ZyB3aWR0aD0iMSIgaGVpZ2h0PSIxIiB4bWxucz0iaHR0cDovL3d3dy53My5vcmcvMjAwMC9zdmciPjwvc3ZnPg==\" class=\"lazyload\" \/><\/figure>\n\n\n\n<p>Denise Pires de Carvalho, reitora da UFRJ&nbsp;<strong>Arquivo\/Ag\u00eancia Brasil<\/strong><\/p>\n\n\n\n<p>A reitora da UFRJ, Denise Pires de Carvalho, destaca que o trabalho cient\u00edfico desenvolvido pelo Museu Nacional \u00e9 um dos destaques que faz da UFRJ uma das principais universidades do pa\u00eds e da Am\u00e9rica Latina, com pelo menos cinco \u00e1reas entre as cem melhores do mundo.<\/p>\n\n\n\n<p>\u201cDentre essas cinco \u00e1reas, duas est\u00e3o no Museu Nacional: a arqueologia e a antropologia. O Museu Nacional \u00e9 muito mais do que a \u00e1rea de exposi\u00e7\u00f5es. Havia no pal\u00e1cio v\u00e1rios laborat\u00f3rios de pesquisa, funcionava l\u00e1 curso de p\u00f3s-gradua\u00e7\u00e3o, projeto de extens\u00e3o, envolvimento de estudantes da gradua\u00e7\u00e3o das diferentes \u00e1reas da universidade, atrav\u00e9s dos programas de inicia\u00e7\u00e3o cient\u00edfica\u201d.<\/p>\n\n\n\n<p>Ela destacou que em 2020 ser\u00e1 constru\u00eddo o Campus da Cavalari\u00e7a, em uma \u00e1rea fora da Quinta da Boa Vista, doada pela Uni\u00e3o, que vai abrigar os laborat\u00f3rios perdidos e a parte administrativa do Museu Nacional. A licita\u00e7\u00e3o para a elabora\u00e7\u00e3o dos projetos das primeiras interven\u00e7\u00f5es, que ser\u00e3o o cercamento e a infraestrutura b\u00e1sica do local, j\u00e1 est\u00e1 em andamento.<\/p>\n\n\n\n<p>Denise adiantou que est\u00e3o reservados para a obra R$ 30 milh\u00f5es, parte do total de R$ 43 milh\u00f5es destinados pela bancada de deputados federais do Rio de Janeiro por meio de uma emenda impositiva. O valor total da emenda havia sido de R$ 55 milh\u00f5es, mas uma parte foi contingenciada. Segundo a reitora, essa verba j\u00e1 est\u00e1 \u00e0 disposi\u00e7\u00e3o da universidade.<\/p>\n\n\n\n<p>A reitora, o diretor do Museu e a arque\u00f3loga participaram de uma entrevista coletiva \u00e0 imprensa na quarta-feira (28), para falar sobre o andamento dos&nbsp;<a href=\"http:\/\/agenciabrasil.ebc.com.br\/educacao\/noticia\/2019-08\/museu-nacional--do-rio-deve-reabrir-exposicao-no-palacio-em-2022\" target=\"_blank\" rel=\"noreferrer noopener\">trabalhos de recupera\u00e7\u00e3o<\/a>&nbsp;da institui\u00e7\u00e3o.<\/p>\n\n\n\n<p>Assista na&nbsp;<strong>TV Brasil<\/strong>: um passeio pelo Museu Nacional do Rio, relembre.<\/p>\n\n\n\n<figure><iframe allowfullscreen=\"\" data-src=\"https:\/\/www.youtube.com\/embed\/8bZnjiKkmCE\" src=\"data:image\/svg+xml;base64,PHN2ZyB3aWR0aD0iMSIgaGVpZ2h0PSIxIiB4bWxucz0iaHR0cDovL3d3dy53My5vcmcvMjAwMC9zdmciPjwvc3ZnPg==\" class=\"lazyload\" data-load-mode=\"1\"><\/iframe><\/figure>\n","protected":false},"excerpt":{"rendered":"<p>Um ano ap\u00f3s o inc\u00eandio que destruiu o Museu Nacional, na Quinta da Boa Vista, no dia 2 de setembro de 2008, algumas boas not\u00edcias&hellip; <\/p>\n","protected":false},"author":1,"featured_media":113232,"comment_status":"closed","ping_status":"closed","sticky":false,"template":"","format":"standard","meta":{"sfsi_plus_gutenberg_text_before_share":"","sfsi_plus_gutenberg_show_text_before_share":"","sfsi_plus_gutenberg_icon_type":"","sfsi_plus_gutenberg_icon_alignemt":"","sfsi_plus_gutenburg_max_per_row":"","footnotes":""},"categories":[2],"tags":[],"class_list":["post-113230","post","type-post","status-publish","format-standard","has-post-thumbnail","hentry","category-geral"],"_links":{"self":[{"href":"https:\/\/www.caririemacao.com\/1\/wp-json\/wp\/v2\/posts\/113230","targetHints":{"allow":["GET"]}}],"collection":[{"href":"https:\/\/www.caririemacao.com\/1\/wp-json\/wp\/v2\/posts"}],"about":[{"href":"https:\/\/www.caririemacao.com\/1\/wp-json\/wp\/v2\/types\/post"}],"author":[{"embeddable":true,"href":"https:\/\/www.caririemacao.com\/1\/wp-json\/wp\/v2\/users\/1"}],"replies":[{"embeddable":true,"href":"https:\/\/www.caririemacao.com\/1\/wp-json\/wp\/v2\/comments?post=113230"}],"version-history":[{"count":1,"href":"https:\/\/www.caririemacao.com\/1\/wp-json\/wp\/v2\/posts\/113230\/revisions"}],"predecessor-version":[{"id":113233,"href":"https:\/\/www.caririemacao.com\/1\/wp-json\/wp\/v2\/posts\/113230\/revisions\/113233"}],"wp:featuredmedia":[{"embeddable":true,"href":"https:\/\/www.caririemacao.com\/1\/wp-json\/wp\/v2\/media\/113232"}],"wp:attachment":[{"href":"https:\/\/www.caririemacao.com\/1\/wp-json\/wp\/v2\/media?parent=113230"}],"wp:term":[{"taxonomy":"category","embeddable":true,"href":"https:\/\/www.caririemacao.com\/1\/wp-json\/wp\/v2\/categories?post=113230"},{"taxonomy":"post_tag","embeddable":true,"href":"https:\/\/www.caririemacao.com\/1\/wp-json\/wp\/v2\/tags?post=113230"}],"curies":[{"name":"wp","href":"https:\/\/api.w.org\/{rel}","templated":true}]}}