{"id":113237,"date":"2019-09-02T07:22:20","date_gmt":"2019-09-02T10:22:20","guid":{"rendered":"http:\/\/www.caririemacao.com\/1\/?p=113237"},"modified":"2019-09-02T07:22:20","modified_gmt":"2019-09-02T10:22:20","slug":"oito-sao-detidos-na-operacao-verde-brasil-em-rondonia","status":"publish","type":"post","link":"https:\/\/www.caririemacao.com\/1\/2019\/09\/02\/oito-sao-detidos-na-operacao-verde-brasil-em-rondonia\/","title":{"rendered":"Oito s\u00e3o detidos na Opera\u00e7\u00e3o Verde Brasil em Rond\u00f4nia"},"content":{"rendered":"\n<p>Oito pessoas foram detidas em uma semana de Opera\u00e7\u00e3o Verde Brasil em Rond\u00f4nia, informou neste domingo (1\u00ba) o Ex\u00e9rcito. A opera\u00e7\u00e3o \u00e9 a a\u00e7\u00e3o governamental voltada ao combate a inc\u00eandios e crimes ambientais na Amaz\u00f4nia.<\/p>\n\n\n\n<figure class=\"wp-block-image\"><img decoding=\"async\" data-src=\"http:\/\/imagens.ebc.com.br\/rNhJM6GGOGNZHhDt7ILDcqhkHoc=\/365x0\/smart\/http:\/\/agenciabrasil.ebc.com.br\/sites\/default\/files\/thumbnails\/image\/editop_verde_brasil_20190901_abr_1688.jpg?itok=k6R1RQsi\" alt=\"Opera\u00e7\u00e3o de Garantia da Lei e da Ordem Verde Brasil sob a Coordena\u00e7\u00e3o da 17\u00aa Brigada de Infantaria de Selva e com a participa\u00e7\u00e3o de \u00d3rg\u00e3os Estaduais e Federais,  para combate a inc\u00eandios em vegeta\u00e7\u00e3o e repress\u00e3o a delitos ambientais\" src=\"data:image\/svg+xml;base64,PHN2ZyB3aWR0aD0iMSIgaGVpZ2h0PSIxIiB4bWxucz0iaHR0cDovL3d3dy53My5vcmcvMjAwMC9zdmciPjwvc3ZnPg==\" class=\"lazyload\" \/><\/figure>\n\n\n\n<p>Opera\u00e7\u00e3o de Garantia da Lei e da Ordem Verde Brasil sob a Coordena\u00e7\u00e3o da 17\u00aa Brigada de Infantaria de Selva e com a participa\u00e7\u00e3o de \u00d3rg\u00e3os Estaduais e Federais, para combate a inc\u00eandios em vegeta\u00e7\u00e3o e repress\u00e3o a delitos ambientais &#8211;&nbsp;<strong>Op VERDE BRASIL\/17<\/strong><\/p>\n\n\n\n<p>Segundo a 17\u00aa Brigada de Infantaria de Selva, entre os il\u00edcitos ambientais cometidos est\u00e3o extra\u00e7\u00e3o ilegal de madeira, queima ilegal do solo e porte ilegal de armas. De acordo com o balan\u00e7o divulgado, houve a apreens\u00e3o de 41 metros c\u00fabicos de madeira e 11 termos de infra\u00e7\u00e3o lavrados, no valor total de R$ 994.775 em multas. Tamb\u00e9m foram apreendidos um caminh\u00e3o, cinco motocicletas, uma motosserra, uma espingarda e quatro cartuchos n\u00e3o deflagrados.<\/p>\n\n\n\n<p>Conforme a brigada, at\u00e9 o momento, 208 homens e mulheres trabalharam diretamente nas a\u00e7\u00f5es de campo. S\u00e3o usados 43 ve\u00edculos terrestres (viaturas auto combate a inc\u00eandio florestal, caminh\u00f5es tanques, micro-\u00f4nibus, vans, caminhonetes 4&#215;4, ambul\u00e2ncias, quadriciclos e motocicletas), e 11 aeronaves (cinco helic\u00f3pteros, um C-130, quatro Airtractors e um Caravan).<\/p>\n\n\n\n<p>Para combater as queimadas em Rond\u00f4nia, no Acre e no sul do Amazonas, as aeronaves lan\u00e7aram cerca de 260 mil litros de \u00e1gua na primeira semana da Opera\u00e7\u00e3o Verde Brasil.<\/p>\n\n\n\n<figure class=\"wp-block-image\"><img decoding=\"async\" data-src=\"http:\/\/imagens.ebc.com.br\/7FF1WUJ1qSiEHAt-Wcs4Ftn-bqE=\/365x0\/smart\/http:\/\/agenciabrasil.ebc.com.br\/sites\/default\/files\/thumbnails\/image\/editop_verde_brasil_20190901_abr_1680.jpg?itok=hRWN9bWA\" alt=\"O Ministro da Defesa, Fernando Azevedo, durante a Opera\u00e7\u00e3o de Garantia da Lei e da Ordem Verde Brasil sob a Coordena\u00e7\u00e3o da 17\u00aa Brigada de Infantaria de Selva e com a participa\u00e7\u00e3o de \u00d3rg\u00e3os Estaduais e Federais,  para combate a inc\u00eandios em\" src=\"data:image\/svg+xml;base64,PHN2ZyB3aWR0aD0iMSIgaGVpZ2h0PSIxIiB4bWxucz0iaHR0cDovL3d3dy53My5vcmcvMjAwMC9zdmciPjwvc3ZnPg==\" class=\"lazyload\" \/><\/figure>\n\n\n\n<p>O Ministro da Defesa, Fernando Azevedo, durante a Opera\u00e7\u00e3o de Garantia da Lei e da Ordem Verde Brasil sob a Coordena\u00e7\u00e3o da 17\u00aa Brigada de Infantaria de Selva e com a participa\u00e7\u00e3o de \u00d3rg\u00e3os Estaduais e Federais, para combate a inc\u00eandios em &#8211;&nbsp;<strong>Op VERDE BRASIL\/17<\/strong><\/p>\n\n\n\n<p>Na sexta-feira (30), o ministro da Defesa,&nbsp;<a href=\"http:\/\/agenciabrasil.ebc.com.br\/politica\/noticia\/2019-08\/situacao-na-amazonia-nao-esta-fora-de-controle-diz-ministro-da-defesa\" target=\"_blank\" rel=\"noreferrer noopener\">Fernando Azevedo<\/a>, acompanhou o andamento das atividades realizadas no \u00e2mbito da Opera\u00e7\u00e3o Verde Brasil, em Rond\u00f4nia. A a\u00e7\u00e3o \u00e9 desenvolvida pelas For\u00e7as Armadas em parceria com institui\u00e7\u00f5es e \u00f3rg\u00e3os de seguran\u00e7a p\u00fablica e fiscaliza\u00e7\u00e3o, como For\u00e7a Nacional, Corpo de Bombeiros Militares, equipes de preven\u00e7\u00e3o e combate a inc\u00eandios do Instituto Brasileiro do Meio Ambiente e dos Recursos Naturais Renov\u00e1veis (Ibama), Pol\u00edcia Militar Ambiental, Centro Gestor e Operacional do Sistema de Prote\u00e7\u00e3o da Amaz\u00f4nia (Censipam) e Instituto Chico Mendes de Conserva\u00e7\u00e3o da Biodiversidade (ICMBio)<\/p>\n","protected":false},"excerpt":{"rendered":"<p>Oito pessoas foram detidas em uma semana de Opera\u00e7\u00e3o Verde Brasil em Rond\u00f4nia, informou neste domingo (1\u00ba) o Ex\u00e9rcito. A opera\u00e7\u00e3o \u00e9 a a\u00e7\u00e3o governamental&hellip; <\/p>\n","protected":false},"author":1,"featured_media":113240,"comment_status":"closed","ping_status":"closed","sticky":false,"template":"","format":"standard","meta":{"sfsi_plus_gutenberg_text_before_share":"","sfsi_plus_gutenberg_show_text_before_share":"","sfsi_plus_gutenberg_icon_type":"","sfsi_plus_gutenberg_icon_alignemt":"","sfsi_plus_gutenburg_max_per_row":"","footnotes":""},"categories":[50,12],"tags":[],"class_list":["post-113237","post","type-post","status-publish","format-standard","has-post-thumbnail","hentry","category-destaque","category-policia"],"_links":{"self":[{"href":"https:\/\/www.caririemacao.com\/1\/wp-json\/wp\/v2\/posts\/113237","targetHints":{"allow":["GET"]}}],"collection":[{"href":"https:\/\/www.caririemacao.com\/1\/wp-json\/wp\/v2\/posts"}],"about":[{"href":"https:\/\/www.caririemacao.com\/1\/wp-json\/wp\/v2\/types\/post"}],"author":[{"embeddable":true,"href":"https:\/\/www.caririemacao.com\/1\/wp-json\/wp\/v2\/users\/1"}],"replies":[{"embeddable":true,"href":"https:\/\/www.caririemacao.com\/1\/wp-json\/wp\/v2\/comments?post=113237"}],"version-history":[{"count":1,"href":"https:\/\/www.caririemacao.com\/1\/wp-json\/wp\/v2\/posts\/113237\/revisions"}],"predecessor-version":[{"id":113241,"href":"https:\/\/www.caririemacao.com\/1\/wp-json\/wp\/v2\/posts\/113237\/revisions\/113241"}],"wp:featuredmedia":[{"embeddable":true,"href":"https:\/\/www.caririemacao.com\/1\/wp-json\/wp\/v2\/media\/113240"}],"wp:attachment":[{"href":"https:\/\/www.caririemacao.com\/1\/wp-json\/wp\/v2\/media?parent=113237"}],"wp:term":[{"taxonomy":"category","embeddable":true,"href":"https:\/\/www.caririemacao.com\/1\/wp-json\/wp\/v2\/categories?post=113237"},{"taxonomy":"post_tag","embeddable":true,"href":"https:\/\/www.caririemacao.com\/1\/wp-json\/wp\/v2\/tags?post=113237"}],"curies":[{"name":"wp","href":"https:\/\/api.w.org\/{rel}","templated":true}]}}