{"id":113250,"date":"2019-09-02T07:24:21","date_gmt":"2019-09-02T10:24:21","guid":{"rendered":"http:\/\/www.caririemacao.com\/1\/?p=113250"},"modified":"2019-09-02T07:24:21","modified_gmt":"2019-09-02T10:24:21","slug":"video-prefeito-de-sume-ira-solicitar-ao-governador-acoes-que-visem-facilitar-regularizacao-de-motos","status":"publish","type":"post","link":"https:\/\/www.caririemacao.com\/1\/2019\/09\/02\/video-prefeito-de-sume-ira-solicitar-ao-governador-acoes-que-visem-facilitar-regularizacao-de-motos\/","title":{"rendered":"V\u00cdDEO: Prefeito de Sum\u00e9 ir\u00e1 solicitar ao governador a\u00e7\u00f5es que visem facilitar regulariza\u00e7\u00e3o de motos"},"content":{"rendered":"\n<p>Em entrevista exclusiva, o prefeito de Sum\u00e9 \u00c9den Duarte, negou as informa\u00e7\u00f5es de que ele estaria mandando realizar blitz no munic\u00edpio.<\/p>\n\n\n\n<p>O gestor destacou que n\u00e3o tem poder sobre a Pol\u00edcia Militar ou Federal, e disse que esse tema est\u00e1 sendo usado com objetivo pol\u00edtico pela oposi\u00e7\u00e3o.<\/p>\n\n\n\n<p>\u00c9den Duarte falou sobre a nova Lei n\u00b0 11.007, sancionada pelo Governo do Estado da Para\u00edba, disp\u00f5e sobre o Imposto sobre a Propriedade de Ve\u00edculos Automotores (IPVA). Na referida Lei, fica isento do imposto, agricultores ou pescadores artesanais, que tenham motocicletas ou motonetas de at\u00e9 200 cilindradas, destinada ao uso exclusivo na atividade agr\u00edcola ou da pesca.<\/p>\n\n\n\n<p>Para ter direito, o interessado dever\u00e1 requerer em qualquer reparti\u00e7\u00e3o fiscal do Estado (Coletorias).<\/p>\n\n\n\n<p>O prefeito de Sum\u00e9 informou que j\u00e1 est\u00e1 em contato com o deputado estadual Branco Mendes, para conseguir uma audi\u00eancia com o governador Jo\u00e3o Azevedo. \u00c9den pretende solicitar que ele amplie os incentivos para que a popula\u00e7\u00e3o possa conseguir regularizar suas motos.<\/p>\n\n\n\n<figure><iframe width=\"480\" height=\"270\" data-src=\"https:\/\/www.youtube.com\/embed\/oxMwG762MbM?enablejsapi=1&amp;autoplay=0&amp;cc_load_policy=0&amp;iv_load_policy=1&amp;loop=0&amp;modestbranding=0&amp;rel=1&amp;fs=1&amp;playsinline=0&amp;autohide=2&amp;theme=dark&amp;color=red&amp;controls=1&amp;\" allowfullscreen=\"\" src=\"data:image\/svg+xml;base64,PHN2ZyB3aWR0aD0iMSIgaGVpZ2h0PSIxIiB4bWxucz0iaHR0cDovL3d3dy53My5vcmcvMjAwMC9zdmciPjwvc3ZnPg==\" class=\"lazyload\" data-load-mode=\"1\"><\/iframe><\/figure>\n\n\n\n<p><em>Not\u00edcias em Destaque<\/em><\/p>\n","protected":false},"excerpt":{"rendered":"<p>Em entrevista exclusiva, o prefeito de Sum\u00e9 \u00c9den Duarte, negou as informa\u00e7\u00f5es de que ele estaria mandando realizar blitz no munic\u00edpio. O gestor destacou que&hellip; <\/p>\n","protected":false},"author":1,"featured_media":87902,"comment_status":"closed","ping_status":"closed","sticky":false,"template":"","format":"standard","meta":{"sfsi_plus_gutenberg_text_before_share":"","sfsi_plus_gutenberg_show_text_before_share":"","sfsi_plus_gutenberg_icon_type":"","sfsi_plus_gutenberg_icon_alignemt":"","sfsi_plus_gutenburg_max_per_row":"","footnotes":""},"categories":[50,2],"tags":[],"class_list":["post-113250","post","type-post","status-publish","format-standard","has-post-thumbnail","hentry","category-destaque","category-geral"],"_links":{"self":[{"href":"https:\/\/www.caririemacao.com\/1\/wp-json\/wp\/v2\/posts\/113250","targetHints":{"allow":["GET"]}}],"collection":[{"href":"https:\/\/www.caririemacao.com\/1\/wp-json\/wp\/v2\/posts"}],"about":[{"href":"https:\/\/www.caririemacao.com\/1\/wp-json\/wp\/v2\/types\/post"}],"author":[{"embeddable":true,"href":"https:\/\/www.caririemacao.com\/1\/wp-json\/wp\/v2\/users\/1"}],"replies":[{"embeddable":true,"href":"https:\/\/www.caririemacao.com\/1\/wp-json\/wp\/v2\/comments?post=113250"}],"version-history":[{"count":1,"href":"https:\/\/www.caririemacao.com\/1\/wp-json\/wp\/v2\/posts\/113250\/revisions"}],"predecessor-version":[{"id":113252,"href":"https:\/\/www.caririemacao.com\/1\/wp-json\/wp\/v2\/posts\/113250\/revisions\/113252"}],"wp:featuredmedia":[{"embeddable":true,"href":"https:\/\/www.caririemacao.com\/1\/wp-json\/wp\/v2\/media\/87902"}],"wp:attachment":[{"href":"https:\/\/www.caririemacao.com\/1\/wp-json\/wp\/v2\/media?parent=113250"}],"wp:term":[{"taxonomy":"category","embeddable":true,"href":"https:\/\/www.caririemacao.com\/1\/wp-json\/wp\/v2\/categories?post=113250"},{"taxonomy":"post_tag","embeddable":true,"href":"https:\/\/www.caririemacao.com\/1\/wp-json\/wp\/v2\/tags?post=113250"}],"curies":[{"name":"wp","href":"https:\/\/api.w.org\/{rel}","templated":true}]}}