{"id":113259,"date":"2019-09-02T07:29:03","date_gmt":"2019-09-02T10:29:03","guid":{"rendered":"http:\/\/www.caririemacao.com\/1\/?p=113259"},"modified":"2019-09-02T07:29:03","modified_gmt":"2019-09-02T10:29:03","slug":"forca-nacional-fica-mais-180-dias-na-seguranca-de-presidio-no-df","status":"publish","type":"post","link":"https:\/\/www.caririemacao.com\/1\/2019\/09\/02\/forca-nacional-fica-mais-180-dias-na-seguranca-de-presidio-no-df\/","title":{"rendered":"For\u00e7a Nacional fica mais 180 dias na seguran\u00e7a de pres\u00eddio no DF"},"content":{"rendered":"\n<p>\u00a0A For\u00e7a Nacional de Seguran\u00e7a P\u00fablica vai permanecer por mais 180 dias fazendo o policiamento de guarda e seguran\u00e7a na \u00e1rea interna da Penitenci\u00e1ria Federal de Bras\u00edlia, no Distrito Federal. A portaria com a autoriza\u00e7\u00e3o da medida, editada pelo Minist\u00e9rio da Justi\u00e7a e Seguran\u00e7a P\u00fablica, est\u00e1 publicada no\u00a0<a rel=\"noreferrer noopener\" href=\"http:\/\/www.in.gov.br\/en\/web\/dou\/-\/portaria-n-728-de-30-de-agosto-de-2019-213804495\" target=\"_blank\"><em>Di\u00e1rio Oficial da Uni\u00e3o<\/em><\/a>desta segunda-feira (2).<\/p>\n\n\n\n<p>As a\u00e7\u00f5es da For\u00e7a Nacional ser\u00e3o em apoio ao Departamento Penitenci\u00e1rio Nacional (Depen) e t\u00eam car\u00e1ter epis\u00f3dico e planejado, pelo per\u00edodo de 11 de setembro de 2019 a 8 de mar\u00e7o de 2020. O n\u00famero de militares a ser disponibilizado obedecer\u00e1 ao planejamento definido pelo minist\u00e9rio.<\/p>\n\n\n\n<p>De acordo com a portaria, o prazo de 180 dias poder\u00e1 ser prorrogado caso haja necessidade e caber\u00e1 ao \u00f3rg\u00e3o solicitante dispor da infraestrutura necess\u00e1ria para o trabalho da For\u00e7a Nacional.<\/p>\n","protected":false},"excerpt":{"rendered":"<p>\u00a0A For\u00e7a Nacional de Seguran\u00e7a P\u00fablica vai permanecer por mais 180 dias fazendo o policiamento de guarda e seguran\u00e7a na \u00e1rea interna da Penitenci\u00e1ria Federal&hellip; <\/p>\n","protected":false},"author":1,"featured_media":27764,"comment_status":"closed","ping_status":"closed","sticky":false,"template":"","format":"standard","meta":{"sfsi_plus_gutenberg_text_before_share":"","sfsi_plus_gutenberg_show_text_before_share":"","sfsi_plus_gutenberg_icon_type":"","sfsi_plus_gutenberg_icon_alignemt":"","sfsi_plus_gutenburg_max_per_row":"","footnotes":""},"categories":[12],"tags":[],"class_list":["post-113259","post","type-post","status-publish","format-standard","has-post-thumbnail","hentry","category-policia"],"_links":{"self":[{"href":"https:\/\/www.caririemacao.com\/1\/wp-json\/wp\/v2\/posts\/113259","targetHints":{"allow":["GET"]}}],"collection":[{"href":"https:\/\/www.caririemacao.com\/1\/wp-json\/wp\/v2\/posts"}],"about":[{"href":"https:\/\/www.caririemacao.com\/1\/wp-json\/wp\/v2\/types\/post"}],"author":[{"embeddable":true,"href":"https:\/\/www.caririemacao.com\/1\/wp-json\/wp\/v2\/users\/1"}],"replies":[{"embeddable":true,"href":"https:\/\/www.caririemacao.com\/1\/wp-json\/wp\/v2\/comments?post=113259"}],"version-history":[{"count":1,"href":"https:\/\/www.caririemacao.com\/1\/wp-json\/wp\/v2\/posts\/113259\/revisions"}],"predecessor-version":[{"id":113260,"href":"https:\/\/www.caririemacao.com\/1\/wp-json\/wp\/v2\/posts\/113259\/revisions\/113260"}],"wp:featuredmedia":[{"embeddable":true,"href":"https:\/\/www.caririemacao.com\/1\/wp-json\/wp\/v2\/media\/27764"}],"wp:attachment":[{"href":"https:\/\/www.caririemacao.com\/1\/wp-json\/wp\/v2\/media?parent=113259"}],"wp:term":[{"taxonomy":"category","embeddable":true,"href":"https:\/\/www.caririemacao.com\/1\/wp-json\/wp\/v2\/categories?post=113259"},{"taxonomy":"post_tag","embeddable":true,"href":"https:\/\/www.caririemacao.com\/1\/wp-json\/wp\/v2\/tags?post=113259"}],"curies":[{"name":"wp","href":"https:\/\/api.w.org\/{rel}","templated":true}]}}