{"id":113269,"date":"2019-09-02T07:32:51","date_gmt":"2019-09-02T10:32:51","guid":{"rendered":"http:\/\/www.caririemacao.com\/1\/?p=113269"},"modified":"2019-09-02T07:32:51","modified_gmt":"2019-09-02T10:32:51","slug":"arqueologos-do-museu-nacional-retomam-pesquisa-com-escavacoes","status":"publish","type":"post","link":"https:\/\/www.caririemacao.com\/1\/2019\/09\/02\/arqueologos-do-museu-nacional-retomam-pesquisa-com-escavacoes\/","title":{"rendered":"Arque\u00f3logos do Museu Nacional retomam pesquisa com escava\u00e7\u00f5es"},"content":{"rendered":"\n<p>Em meio \u00e0s cinzas dos escombros, com quase dois metros de altura de entulhos acumulados, resultado do colapso de tr\u00eas andares do Museu Nacional, agora amontoados no t\u00e9rreo, cientistas escavam cuidadosamente, com o aux\u00edlio de pequenas picaretas e at\u00e9 pinc\u00e9is, na esperan\u00e7a de encontrar pe\u00e7as raras das cole\u00e7\u00f5es incendiadas. \u00c9 um trabalho arqueol\u00f3gico no que antes foi uma exposi\u00e7\u00e3o de arqueologia.<\/p>\n\n\n\n<p>Arque\u00f3logo do museu, Pedro Von Seehausen lembra que o in\u00edcio do trabalho de resgate, logo ap\u00f3s o inc\u00eandio do dia 2 de setembro de 2018 na Quinta da Boa Vista, foi muito \u00e1rduo. A \u00e1rea em que ele est\u00e1 atuando reuniu o que sobrou das exposi\u00e7\u00f5es de paleobot\u00e2nica, de egiptologia, sua especialidade, e tamb\u00e9m o acervo museol\u00f3gico que ficava no terceiro andar.<\/p>\n\n\n\n<p>\u201cTinha vigas que derreteram, uma quantidade de ferragens imensa, e material espalhado no meio delas. No primeiro momento do resgate a gente tinha que entrar no meio e voltava pra casa todo arranhado, mas feliz de estar conseguindo recuperar o material. E muito calor, trabalhando debaixo do sol\u201d.<\/p>\n\n\n\n<figure class=\"wp-block-image\"><img decoding=\"async\" data-src=\"http:\/\/imagens.ebc.com.br\/16ynnrUAbYhSjNZr9DYdyLAThlg=\/754x0\/smart\/http:\/\/agenciabrasil.ebc.com.br\/sites\/default\/files\/thumbnails\/image\/ffraz_abr_30081921683.jpg?itok=KOdjpsFl\" alt=\" Salas do Museu Nacional da UFRJ, na Quinta da Boa Vista, onde acontece trabalho de resgate de pe\u00e7as, um ano ap\u00f3s o inc\u00eandio.\" src=\"data:image\/svg+xml;base64,PHN2ZyB3aWR0aD0iMSIgaGVpZ2h0PSIxIiB4bWxucz0iaHR0cDovL3d3dy53My5vcmcvMjAwMC9zdmciPjwvc3ZnPg==\" class=\"lazyload\" \/><\/figure>\n\n\n\n<p>Trabalho de escava\u00e7\u00e3o no Museu Nacional do Rio &#8211;&nbsp;<strong>Fernando Fraz\u00e3o\/Ag\u00eancia Brasil<\/strong><\/p>\n\n\n\n<p>Com experi\u00eancia em escava\u00e7\u00e3o, por participar do projeto no complexo funer\u00e1rio de Neferhotep, na cidade eg\u00edpcia de Luxor, para ele o mais dif\u00edcil foi lidar com a carga emocional de procurar o que sobrou do material que pesquisava.<\/p>\n\n\n\n<p>\u201cEssas tumbas, curiosamente, sofreram uma s\u00e9rie de inc\u00eandios no s\u00e9culo 19. Ent\u00e3o eu tinha uma no\u00e7\u00e3o de como era o material eg\u00edpcio queimado. Claro que eu n\u00e3o estava preparado para a carga emocional que foi ter que lidar com o lugar que eu considero a minha casa. Ap\u00f3s o inc\u00eandio eu fiquei tendo sonhos de que eu estava em casa e minhas coisas estavam queimadas. \u00c9 uma sensa\u00e7\u00e3o simb\u00f3lica que a gente tem\u201d.<\/p>\n\n\n\n<p>Com curso de doutorado em andamento tamb\u00e9m no Museu Nacional, Von Seehausen explica que tem utilizado as t\u00e9cnicas de sua pesquisa, com tecnologia de digitaliza\u00e7\u00e3o em 3D, no trabalho de resgate, que passou a ser o foco de seu trabalho desde o inc\u00eandio.<\/p>\n\n\n\n<p>\u201cNo meu doutorado eu trabalhava com as estelas eg\u00edpcias, que s\u00e3o blocos de rocha com inscri\u00e7\u00f5es hierogl\u00edficas, a maioria com fun\u00e7\u00e3o funer\u00e1ria, parecida com as l\u00e1pides que a gente tem hoje. Utilizando tecnologia de 3D para conseguir ler sinais que estariam apagados pela eros\u00e3o do tempo. Eu tinha parte do material j\u00e1 digitalizado, ent\u00e3o estou usando as tecnologias 3D para conseguir reconhecer esse material e, se for o caso, reconstruir o acervo imprimindo as partes que est\u00e3o faltando\u201d.<\/p>\n\n\n\n<figure class=\"wp-block-image\"><img decoding=\"async\" data-src=\"http:\/\/imagens.ebc.com.br\/nQtYJ3nzJDZSpvIoXLAU0AUjaJQ=\/754x0\/smart\/http:\/\/agenciabrasil.ebc.com.br\/sites\/default\/files\/thumbnails\/image\/ffraz_abr_30081921681.jpg?itok=hZ8DwRKb\" alt=\"Salas do Museu Nacional da UFRJ, na Quinta da Boa Vista, onde acontece trabalho de resgate de pe\u00e7as, um ano ap\u00f3s o inc\u00eandio. \" src=\"data:image\/svg+xml;base64,PHN2ZyB3aWR0aD0iMSIgaGVpZ2h0PSIxIiB4bWxucz0iaHR0cDovL3d3dy53My5vcmcvMjAwMC9zdmciPjwvc3ZnPg==\" class=\"lazyload\" \/><\/figure>\n\n\n\n<p>Salas do Museu Nacional da UFRJ, na Quinta da Boa Vista, onde acontece trabalho de resgate de pe\u00e7as, um ano ap\u00f3s o inc\u00eandio. &#8211;&nbsp;<strong>Fernando Fraz\u00e3o\/Ag\u00eancia Brasil<\/strong><\/p>\n\n\n\n<p>O arque\u00f3logo destaca que o trabalho de resgate \u00e9 totalmente cient\u00edfico, feito por especialistas.&nbsp; \u201cA gente teve que trabalhar com pe\u00e7as do Egito antigo, junto com pe\u00e7as da paleobot\u00e2nica, junto com pe\u00e7as de outras \u00e1reas. E o fogo se comportou de formas diferentes na sala. O resgate \u00e9 feito por cientistas de diversas \u00e1reas, paleont\u00f3logos, arque\u00f3logos, pensando junto, tentando entender junto como as coisas podem ser feitas e pensando a ci\u00eancia a partir disso\u201d.<\/p>\n\n\n\n<p>Para Von Seehausen, o olhar especializado na busca qualificada em meio aos escombros \u00e9 fundamental para conseguir recuperar muitos materiais. \u201cTem coisas que s\u00f3 um olhar treinado consegue perceber. Um shabit, que \u00e9 uma estatuetinha de servidor funer\u00e1rio, por ser de cer\u00e2mica, ficou na mesma tonalidade da telha. As estelas, falaram que eram reboco. Ent\u00e3o se n\u00e3o fosse um olhar treinado jogariam fora\u201d.<\/p>\n\n\n\n<p>O arque\u00f3logo destaca que do trabalho p\u00f3s inc\u00eandio sa\u00edram in\u00fameros artigos cient\u00edficos. \u201cOs olhares acad\u00eamicos est\u00e3o focados aqui. Muita gente curiosa para saber o que sobreviveu, como sobreviveu e o que a gente pode fazer com isso. Ci\u00eancia \u00e9 o que n\u00e3o vai faltar. \u00c9 um cen\u00e1rio triste, mas ao mesmo tempo a gente consegue trabalhar e fazer ci\u00eancia nesse cen\u00e1rio\u201d.<\/p>\n\n\n\n<figure class=\"wp-block-image\"><img decoding=\"async\" data-src=\"http:\/\/imagens.ebc.com.br\/xNxtPkUJaSMUPUgPUq9EDOSfxmY=\/754x0\/smart\/http:\/\/agenciabrasil.ebc.com.br\/sites\/default\/files\/thumbnails\/image\/ffraz_abr_30081921702.jpg?itok=ALq5gRPh\" alt=\" Pedro von Seehausen, doutorando em Arqueologia, especialista em egiptologia do Museu Nacional da UFRJ, resgata fragmentos \u00f3sseos um ano ap\u00f3s o inc\u00eandio.\" src=\"data:image\/svg+xml;base64,PHN2ZyB3aWR0aD0iMSIgaGVpZ2h0PSIxIiB4bWxucz0iaHR0cDovL3d3dy53My5vcmcvMjAwMC9zdmciPjwvc3ZnPg==\" class=\"lazyload\" \/><\/figure>\n\n\n\n<p>Pedro von Seehausen, doutorando em Arqueologia, especialista em egiptologia do Museu Nacional da UFRJ, resgata fragmentos \u00f3sseos um ano ap\u00f3s o inc\u00eandio. &#8211;&nbsp;<strong>Fernando Fraz\u00e3o\/Ag\u00eancia Brasil<\/strong><\/p>\n\n\n\n<p>Ele destaca que j\u00e1 foram recuperadas mais de 300 pe\u00e7as, inclusive algumas raras, o que mant\u00e9m a cole\u00e7\u00e3o eg\u00edpcia do Museu Nacional como a maior do Brasil.<\/p>\n\n\n\n<p>\u201cTivemos uma perda grande, de material em madeira, das m\u00famias sobreviveu o esqueleto. Mas tivemos boas surpresas, como o escaravelho-cora\u00e7\u00e3o da Sha-Amun-en-su, uma das m\u00famias que D. Pedro II trouxe para c\u00e1. Estava em um caix\u00e3o e ele nunca foi aberto, foi mantido lacrado esse tempo todo. Em 2005 n\u00f3s fizemos uma tomografia dela e a gente constatou que ela tinha o amuleto escaravelho-cora\u00e7\u00e3o e um saquinho com oito amuletinhos. Com o inc\u00eandio, o caix\u00e3o se perdeu, o material \u00f3sseo ficou e n\u00f3s fizemos um trabalho de peneirar e repeneirar at\u00e9 achar todos os amuletinhos\u201d.<\/p>\n\n\n\n<p>Do alto da fachada do pal\u00e1cio, as musas das ci\u00eancias, est\u00e1tuas poupadas pelas chamas, seguem inspirando o trabalho dos pesquisadores.<\/p>\n\n\n\n<p>Assista na&nbsp;<strong>TV Brasil<\/strong>: relembre a hist\u00f3ria do Museu Nacional no programa Expedi\u00e7\u00f5es, exibido em 2012.<\/p>\n\n\n\n<figure><iframe allowfullscreen=\"\" data-src=\"https:\/\/www.youtube.com\/embed\/2EtPI32BWO0\" src=\"data:image\/svg+xml;base64,PHN2ZyB3aWR0aD0iMSIgaGVpZ2h0PSIxIiB4bWxucz0iaHR0cDovL3d3dy53My5vcmcvMjAwMC9zdmciPjwvc3ZnPg==\" class=\"lazyload\" data-load-mode=\"1\"><\/iframe><\/figure>\n","protected":false},"excerpt":{"rendered":"<p>Em meio \u00e0s cinzas dos escombros, com quase dois metros de altura de entulhos acumulados, resultado do colapso de tr\u00eas andares do Museu Nacional, agora&hellip; <\/p>\n","protected":false},"author":1,"featured_media":113271,"comment_status":"closed","ping_status":"closed","sticky":false,"template":"","format":"standard","meta":{"sfsi_plus_gutenberg_text_before_share":"","sfsi_plus_gutenberg_show_text_before_share":"","sfsi_plus_gutenberg_icon_type":"","sfsi_plus_gutenberg_icon_alignemt":"","sfsi_plus_gutenburg_max_per_row":"","footnotes":""},"categories":[2],"tags":[],"class_list":["post-113269","post","type-post","status-publish","format-standard","has-post-thumbnail","hentry","category-geral"],"_links":{"self":[{"href":"https:\/\/www.caririemacao.com\/1\/wp-json\/wp\/v2\/posts\/113269","targetHints":{"allow":["GET"]}}],"collection":[{"href":"https:\/\/www.caririemacao.com\/1\/wp-json\/wp\/v2\/posts"}],"about":[{"href":"https:\/\/www.caririemacao.com\/1\/wp-json\/wp\/v2\/types\/post"}],"author":[{"embeddable":true,"href":"https:\/\/www.caririemacao.com\/1\/wp-json\/wp\/v2\/users\/1"}],"replies":[{"embeddable":true,"href":"https:\/\/www.caririemacao.com\/1\/wp-json\/wp\/v2\/comments?post=113269"}],"version-history":[{"count":1,"href":"https:\/\/www.caririemacao.com\/1\/wp-json\/wp\/v2\/posts\/113269\/revisions"}],"predecessor-version":[{"id":113272,"href":"https:\/\/www.caririemacao.com\/1\/wp-json\/wp\/v2\/posts\/113269\/revisions\/113272"}],"wp:featuredmedia":[{"embeddable":true,"href":"https:\/\/www.caririemacao.com\/1\/wp-json\/wp\/v2\/media\/113271"}],"wp:attachment":[{"href":"https:\/\/www.caririemacao.com\/1\/wp-json\/wp\/v2\/media?parent=113269"}],"wp:term":[{"taxonomy":"category","embeddable":true,"href":"https:\/\/www.caririemacao.com\/1\/wp-json\/wp\/v2\/categories?post=113269"},{"taxonomy":"post_tag","embeddable":true,"href":"https:\/\/www.caririemacao.com\/1\/wp-json\/wp\/v2\/tags?post=113269"}],"curies":[{"name":"wp","href":"https:\/\/api.w.org\/{rel}","templated":true}]}}