{"id":113298,"date":"2019-09-02T09:24:56","date_gmt":"2019-09-02T12:24:56","guid":{"rendered":"http:\/\/www.caririemacao.com\/1\/?p=113298"},"modified":"2019-09-02T09:24:56","modified_gmt":"2019-09-02T12:24:56","slug":"datafolha-reprovacao-de-bolsonaro-sobe-para-38","status":"publish","type":"post","link":"https:\/\/www.caririemacao.com\/1\/2019\/09\/02\/datafolha-reprovacao-de-bolsonaro-sobe-para-38\/","title":{"rendered":"Datafolha: Reprova\u00e7\u00e3o de Bolsonaro sobe para 38%"},"content":{"rendered":"\n<p> Uma pesquisa divulgada pelo Instituto Datafolha nesta segunda-feira (02\/09) aponta que a reprova\u00e7\u00e3o ao governo do presidente Jair Bolsonaro aumentou 5 pontos percentuais desde o \u00faltimo levantamento realizado no in\u00edcio do m\u00eas de julho, com o percentual de pessoas que avaliam o governo como ruim ou p\u00e9ssimo chegando a 38%.<br><\/p>\n\n\n\n<p>Segundo o instituto, a aprova\u00e7\u00e3o &#8211; os que avaliam o governo como bom ou \u00f3timo &#8211; do presidente caiu de 33% para 29%, mas se manteve dentro do limite da margem de erro. O percentual dos que consideram o governo regular ficou est\u00e1vel, caindo de 31% para 30%.<\/p>\n\n\n\n<p>Ao noticiar os resultados da pesquisa, o jornal Folha de S. Paulo destaca que os \u00faltimos dois meses foram marcados por uma crise internacional gerada pelas queimadas na Amaz\u00f4nia, Bolsonaro batendo de frente com o ministro da Justi\u00e7a, Sergio Moro, e a indica\u00e7\u00e3o de Eduardo Bolsonaro para o posto de embaixador dos EUA.<\/p>\n\n\n\n<p>A radicaliza\u00e7\u00e3o do discurso do presidente em rela\u00e7\u00e3o a uma variedade de temas e seus coment\u00e1rios em rela\u00e7\u00e3o \u00e0 regi\u00e3o Nordeste do pa\u00eds tamb\u00e9m podem estar ligados ao aumento das avalia\u00e7\u00f5es negativas.<\/p>\n\n\n\n<p>A rejei\u00e7\u00e3o ao presidente foi bastante alta no Nordeste (52%), entre a popula\u00e7\u00e3o negra (51%), os desempregados (48%) e as mulheres (43%). O maior percentual de avalia\u00e7\u00f5es negativas foi registrado entre os que se declaram ateus (76%).<\/p>\n\n\n\n<p>Os n\u00fameros negativos tamb\u00e9m prevaleceram entre os mais pobres, com renda de at\u00e9 2 sal\u00e1rios m\u00ednimos (22%), a popula\u00e7\u00e3o com idade entre 16 a 24 anos (24%) e os que cursaram apenas o ensino fundamental (26%).<\/p>\n\n\n\n<p>A aprova\u00e7\u00e3o ao governo foi particularmente grande entre os empres\u00e1rios (48%), evang\u00e9licos neopentecostais (46%), brancos (36%) e homens (33%). Entre as regi\u00f5es do pa\u00eds, o maior apoio foi observado no Sul e no Centro-Oeste (37% cada).<\/p>\n\n\n\n<p>A maioria dos eleitores que votaram em Bolsonaro no segundo turno das elei\u00e7\u00f5es em 2018 (57%) avalia o governo como bom ou \u00f3timo. J\u00e1 entre os que votaram no petista Fernando Haddad, a reprova\u00e7\u00e3o \u00e9 de 69%.<\/p>\n\n\n\n<p>O Datafolha ouviu 2.878 pessoas com mais de 16 anos em 175 munic\u00edpios,nos dias 29 e 30 de agosto. A margem de erro \u00e9 de dois pontos percentuais para mais ou para menos.<\/p>\n","protected":false},"excerpt":{"rendered":"<p>Uma pesquisa divulgada pelo Instituto Datafolha nesta segunda-feira (02\/09) aponta que a reprova\u00e7\u00e3o ao governo do presidente Jair Bolsonaro aumentou 5 pontos percentuais desde o&hellip; <\/p>\n","protected":false},"author":1,"featured_media":110902,"comment_status":"closed","ping_status":"closed","sticky":false,"template":"","format":"standard","meta":{"sfsi_plus_gutenberg_text_before_share":"","sfsi_plus_gutenberg_show_text_before_share":"","sfsi_plus_gutenberg_icon_type":"","sfsi_plus_gutenberg_icon_alignemt":"","sfsi_plus_gutenburg_max_per_row":"","footnotes":""},"categories":[11],"tags":[],"class_list":["post-113298","post","type-post","status-publish","format-standard","has-post-thumbnail","hentry","category-politica"],"_links":{"self":[{"href":"https:\/\/www.caririemacao.com\/1\/wp-json\/wp\/v2\/posts\/113298","targetHints":{"allow":["GET"]}}],"collection":[{"href":"https:\/\/www.caririemacao.com\/1\/wp-json\/wp\/v2\/posts"}],"about":[{"href":"https:\/\/www.caririemacao.com\/1\/wp-json\/wp\/v2\/types\/post"}],"author":[{"embeddable":true,"href":"https:\/\/www.caririemacao.com\/1\/wp-json\/wp\/v2\/users\/1"}],"replies":[{"embeddable":true,"href":"https:\/\/www.caririemacao.com\/1\/wp-json\/wp\/v2\/comments?post=113298"}],"version-history":[{"count":1,"href":"https:\/\/www.caririemacao.com\/1\/wp-json\/wp\/v2\/posts\/113298\/revisions"}],"predecessor-version":[{"id":113299,"href":"https:\/\/www.caririemacao.com\/1\/wp-json\/wp\/v2\/posts\/113298\/revisions\/113299"}],"wp:featuredmedia":[{"embeddable":true,"href":"https:\/\/www.caririemacao.com\/1\/wp-json\/wp\/v2\/media\/110902"}],"wp:attachment":[{"href":"https:\/\/www.caririemacao.com\/1\/wp-json\/wp\/v2\/media?parent=113298"}],"wp:term":[{"taxonomy":"category","embeddable":true,"href":"https:\/\/www.caririemacao.com\/1\/wp-json\/wp\/v2\/categories?post=113298"},{"taxonomy":"post_tag","embeddable":true,"href":"https:\/\/www.caririemacao.com\/1\/wp-json\/wp\/v2\/tags?post=113298"}],"curies":[{"name":"wp","href":"https:\/\/api.w.org\/{rel}","templated":true}]}}