{"id":113310,"date":"2019-09-02T09:28:07","date_gmt":"2019-09-02T12:28:07","guid":{"rendered":"http:\/\/www.caririemacao.com\/1\/?p=113310"},"modified":"2019-09-02T09:28:07","modified_gmt":"2019-09-02T12:28:07","slug":"dois-brasileiros-disputam-titulo-da-fifa-de-melhor-goleiro-do-mundo","status":"publish","type":"post","link":"https:\/\/www.caririemacao.com\/1\/2019\/09\/02\/dois-brasileiros-disputam-titulo-da-fifa-de-melhor-goleiro-do-mundo\/","title":{"rendered":"Dois brasileiros disputam t\u00edtulo da Fifa de melhor goleiro do mundo"},"content":{"rendered":"\n<p> Os goleiros brasileiros Alisson Becker, do clube ingl\u00eas Liverpool, e Ederson, do tamb\u00e9m ingl\u00eas Manchester City, est\u00e3o na disputa pelo t\u00edtulo de melhor goleiro do mundo deste ano, no pr\u00eamio da Federa\u00e7\u00e3o Internacional de Futebol (Fifa). Al\u00e9m deles, est\u00e1 na disputa o alem\u00e3o Marc-Andr\u00e9 ter Stegen, que atua no time espanhol Barcelona.Eles n\u00e3o s\u00e3o os \u00fanicos brasileiros a disputar o pr\u00eamio da Fifa. Uma brasileira, Silvia Grecco, concorre ao pr\u00eamio de torcedores, por descrever os jogos do Palmeiras para seu filho, que \u00e9 cego. Ela disputa com o uruguaio Justo S\u00e1nchez, que n\u00e3o perde um jogo do time rival em mem\u00f3ria ao seu filho falecido e os torcedores holandeses, por sua atua\u00e7\u00e3o na Copa do Mundo feminina da Fran\u00e7a.<\/p>\n\n\n\n<figure class=\"wp-block-image\"><img fetchpriority=\"high\" decoding=\"async\" width=\"300\" height=\"300\" src=\"http:\/\/www.caririemacao.com\/1\/wp-content\/uploads\/2019\/09\/image.jpeg\" alt=\"\" class=\"wp-image-113311\" srcset=\"https:\/\/www.caririemacao.com\/1\/wp-content\/uploads\/2019\/09\/image.jpeg 300w, https:\/\/www.caririemacao.com\/1\/wp-content\/uploads\/2019\/09\/image-150x150.jpeg 150w\" sizes=\"(max-width: 300px) 100vw, 300px\" \/><\/figure>\n\n\n\n<p>Alisson, do Liverpool da Inglaterra e da Sele\u00e7\u00e3o Brasileira disputa o t\u00edtulo de melhor goleiro do mundo deste ano &#8211; Lucas Figueiredo &#8211; CBFEntre os jogadores de linha, no entanto, nenhum brasileiro. O portugu\u00eas Cristiano Ronaldo e o argentino Lionel Messi disputam o t\u00edtulo com o holand\u00eas Virgil van Dijk. Entre as mulheres, as finalistas s\u00e3o a inglesa Lucy Bronze e as norte-americanas Alex Morgan e Megan Rapinoe. As goleiras que disputam o t\u00edtulo s\u00e3o a chilena Christiane Endler, a sueca Hedvig Lindahl e a holandesa Sari van Veenendaal.H\u00e1 ainda pr\u00eamios para melhores t\u00e9cnicos homens (o espanhol Pep Guardiola, o alem\u00e3o J\u00fcrgen Klopp e o argentino Mauricio Pochettino) e mulheres (a norte-americana Jill Ellis, a inglesa Phil Neville e a holandesa Sarina Wiegman).O pr\u00eamio Pusk\u00e1s, que premia o gol mais bonito do ano, tem como finalistas Messi, o colombiano Juan Fernando Quintero e o h\u00fangaro D\u00e1niel Zs\u00f3ri. Os vencedores ser\u00e3o anunciados em uma cerim\u00f4nia no Teatro alla Scala, em Mil\u00e3o (It\u00e1lia), no pr\u00f3ximo dia 23.<\/p>\n","protected":false},"excerpt":{"rendered":"<p>Os goleiros brasileiros Alisson Becker, do clube ingl\u00eas Liverpool, e Ederson, do tamb\u00e9m ingl\u00eas Manchester City, est\u00e3o na disputa pelo t\u00edtulo de melhor goleiro do&hellip; <\/p>\n","protected":false},"author":1,"featured_media":20685,"comment_status":"closed","ping_status":"closed","sticky":false,"template":"","format":"standard","meta":{"sfsi_plus_gutenberg_text_before_share":"","sfsi_plus_gutenberg_show_text_before_share":"","sfsi_plus_gutenberg_icon_type":"","sfsi_plus_gutenberg_icon_alignemt":"","sfsi_plus_gutenburg_max_per_row":"","footnotes":""},"categories":[13],"tags":[],"class_list":["post-113310","post","type-post","status-publish","format-standard","has-post-thumbnail","hentry","category-esportes"],"_links":{"self":[{"href":"https:\/\/www.caririemacao.com\/1\/wp-json\/wp\/v2\/posts\/113310","targetHints":{"allow":["GET"]}}],"collection":[{"href":"https:\/\/www.caririemacao.com\/1\/wp-json\/wp\/v2\/posts"}],"about":[{"href":"https:\/\/www.caririemacao.com\/1\/wp-json\/wp\/v2\/types\/post"}],"author":[{"embeddable":true,"href":"https:\/\/www.caririemacao.com\/1\/wp-json\/wp\/v2\/users\/1"}],"replies":[{"embeddable":true,"href":"https:\/\/www.caririemacao.com\/1\/wp-json\/wp\/v2\/comments?post=113310"}],"version-history":[{"count":1,"href":"https:\/\/www.caririemacao.com\/1\/wp-json\/wp\/v2\/posts\/113310\/revisions"}],"predecessor-version":[{"id":113312,"href":"https:\/\/www.caririemacao.com\/1\/wp-json\/wp\/v2\/posts\/113310\/revisions\/113312"}],"wp:featuredmedia":[{"embeddable":true,"href":"https:\/\/www.caririemacao.com\/1\/wp-json\/wp\/v2\/media\/20685"}],"wp:attachment":[{"href":"https:\/\/www.caririemacao.com\/1\/wp-json\/wp\/v2\/media?parent=113310"}],"wp:term":[{"taxonomy":"category","embeddable":true,"href":"https:\/\/www.caririemacao.com\/1\/wp-json\/wp\/v2\/categories?post=113310"},{"taxonomy":"post_tag","embeddable":true,"href":"https:\/\/www.caririemacao.com\/1\/wp-json\/wp\/v2\/tags?post=113310"}],"curies":[{"name":"wp","href":"https:\/\/api.w.org\/{rel}","templated":true}]}}