{"id":113323,"date":"2019-09-02T09:30:04","date_gmt":"2019-09-02T12:30:04","guid":{"rendered":"http:\/\/www.caririemacao.com\/1\/?p=113323"},"modified":"2019-09-02T09:30:04","modified_gmt":"2019-09-02T12:30:04","slug":"previsao-de-crescimento-da-economia-sobe-para-087-neste-ano","status":"publish","type":"post","link":"https:\/\/www.caririemacao.com\/1\/2019\/09\/02\/previsao-de-crescimento-da-economia-sobe-para-087-neste-ano\/","title":{"rendered":"Previs\u00e3o de crescimento da economia sobe para 0,87% neste ano"},"content":{"rendered":"\n<p>O mercado financeiro aumentou a proje\u00e7\u00e3o para o crescimento da economia e reduziu a estimativa de infla\u00e7\u00e3o para este ano. Segundo o boletim Focus, pesquisa divulgada todas as semanas pelo Banco Central (BC), a previs\u00e3o para a expans\u00e3o do Produto Interno Bruto (PIB) \u2013 a soma de todos os bens e servi\u00e7os produzidos no pa\u00eds \u2013 foi ajustada de 0,80% para 0,87% em 2019.<\/p>\n\n\n\n<p>Segundo a pesquisa, a previs\u00e3o para 2020 permaneceu em 2,10%. Para 2021 e 2022 tamb\u00e9m n\u00e3o houve altera\u00e7\u00e3o nas estimativas: 2,50%.<\/p>\n\n\n\n<h2 class=\"wp-block-heading\">Infla\u00e7\u00e3o<\/h2>\n\n\n\n<p>A estimativa de infla\u00e7\u00e3o, calculada pelo \u00cdndice Nacional de Pre\u00e7os ao Consumidor Amplo caiu de 3,65% para 3,59%, este ano. Para os anos seguintes n\u00e3o houve altera\u00e7\u00f5es nas proje\u00e7\u00f5es: 3,85%, em 2020, 3,75%, em 2021, e 3,50%, em 2022.<\/p>\n\n\n\n<p>A meta de infla\u00e7\u00e3o, definida pelo Conselho Monet\u00e1rio Nacional \u00e9 4,25% em 2019, 4% em 2020, 3,75% em 2021 e 3,5% em 2022, com intervalo de toler\u00e2ncia de 1,5 ponto percentual para cima ou para baixo.<\/p>\n\n\n\n<p>Para alcan\u00e7ar a meta de infla\u00e7\u00e3o, o Banco Central usa como principal instrumento a taxa b\u00e1sica de juros, a Selic, atualmente em 6%. Quando o Copom reduz a Selic, a tend\u00eancia \u00e9 que o cr\u00e9dito fique mais barato, com incentivo \u00e0 produ\u00e7\u00e3o e ao consumo, reduzindo o controle da infla\u00e7\u00e3o e estimulando a atividade econ\u00f4mica.<\/p>\n\n\n\n<p>Quando o Comit\u00ea de Pol\u00edtica Monet\u00e1ria aumenta a Selic, a finalidade \u00e9 conter a demanda aquecida e isso causa reflexos nos pre\u00e7os porque os juros mais altos encarecem o cr\u00e9dito e estimulam a poupan\u00e7a.<\/p>\n\n\n\n<p>Para o mercado financeiro, ao final de 2019 a Selic estar\u00e1 em 5% ao ano. Para o final de 2020, a estimativa segue em 5,25% ao ano. No fim de 2021 e 2022, a previs\u00e3o permanece em 7% ao ano.<\/p>\n\n\n\n<h2 class=\"wp-block-heading\">D\u00f3lar<\/h2>\n\n\n\n<p>A previs\u00e3o para a cota\u00e7\u00e3o do d\u00f3lar ao fim deste ano subiu de R$ 3,80 para R$ 3,85 e, para 2020, de R$ 3,81 para R$ 3,82.<\/p>\n","protected":false},"excerpt":{"rendered":"<p>O mercado financeiro aumentou a proje\u00e7\u00e3o para o crescimento da economia e reduziu a estimativa de infla\u00e7\u00e3o para este ano. Segundo o boletim Focus, pesquisa&hellip; <\/p>\n","protected":false},"author":1,"featured_media":111924,"comment_status":"closed","ping_status":"closed","sticky":false,"template":"","format":"standard","meta":{"sfsi_plus_gutenberg_text_before_share":"","sfsi_plus_gutenberg_show_text_before_share":"","sfsi_plus_gutenberg_icon_type":"","sfsi_plus_gutenberg_icon_alignemt":"","sfsi_plus_gutenburg_max_per_row":"","footnotes":""},"categories":[2],"tags":[],"class_list":["post-113323","post","type-post","status-publish","format-standard","has-post-thumbnail","hentry","category-geral"],"_links":{"self":[{"href":"https:\/\/www.caririemacao.com\/1\/wp-json\/wp\/v2\/posts\/113323","targetHints":{"allow":["GET"]}}],"collection":[{"href":"https:\/\/www.caririemacao.com\/1\/wp-json\/wp\/v2\/posts"}],"about":[{"href":"https:\/\/www.caririemacao.com\/1\/wp-json\/wp\/v2\/types\/post"}],"author":[{"embeddable":true,"href":"https:\/\/www.caririemacao.com\/1\/wp-json\/wp\/v2\/users\/1"}],"replies":[{"embeddable":true,"href":"https:\/\/www.caririemacao.com\/1\/wp-json\/wp\/v2\/comments?post=113323"}],"version-history":[{"count":1,"href":"https:\/\/www.caririemacao.com\/1\/wp-json\/wp\/v2\/posts\/113323\/revisions"}],"predecessor-version":[{"id":113325,"href":"https:\/\/www.caririemacao.com\/1\/wp-json\/wp\/v2\/posts\/113323\/revisions\/113325"}],"wp:featuredmedia":[{"embeddable":true,"href":"https:\/\/www.caririemacao.com\/1\/wp-json\/wp\/v2\/media\/111924"}],"wp:attachment":[{"href":"https:\/\/www.caririemacao.com\/1\/wp-json\/wp\/v2\/media?parent=113323"}],"wp:term":[{"taxonomy":"category","embeddable":true,"href":"https:\/\/www.caririemacao.com\/1\/wp-json\/wp\/v2\/categories?post=113323"},{"taxonomy":"post_tag","embeddable":true,"href":"https:\/\/www.caririemacao.com\/1\/wp-json\/wp\/v2\/tags?post=113323"}],"curies":[{"name":"wp","href":"https:\/\/api.w.org\/{rel}","templated":true}]}}