{"id":113332,"date":"2019-09-02T09:32:21","date_gmt":"2019-09-02T12:32:21","guid":{"rendered":"http:\/\/www.caririemacao.com\/1\/?p=113332"},"modified":"2019-09-02T09:32:21","modified_gmt":"2019-09-02T12:32:21","slug":"furacao-dorian-aproxima-se-da-costa-da-florida-e-da-carolina-do-sul","status":"publish","type":"post","link":"https:\/\/www.caririemacao.com\/1\/2019\/09\/02\/furacao-dorian-aproxima-se-da-costa-da-florida-e-da-carolina-do-sul\/","title":{"rendered":"Furac\u00e3o Dorian aproxima-se da costa da Florida e da Carolina do Sul"},"content":{"rendered":"\n<p>O furac\u00e3o Dorian deve atingir hoje (2) a costa este dos Estados Unidos. A tempestade atingiu ontem (1\u00ba) a categoria cinco, o n\u00edvel m\u00e1ximo da escala. As previs\u00f5es apontam que o fen\u00f4meno deve afetar com intensidade os estados da Florida, da Georgia e da Carolina do Sul. Nas Bahamas, uma morte j\u00e1 foi registrada: um menino de oito anos&nbsp;morreu afogado no arquip\u00e9lago&nbsp;\u00c1baco (um conjunto de ilhas das Bahamas).<\/p>\n\n\n\n<p>Os Estados Unidos j\u00e1 emitiram um alerta para a costa Leste, prevenindo as popula\u00e7\u00f5es para aquela que \u00e9 a mais forte tempestade no Atl\u00e2ntico desde 1935.<\/p>\n\n\n\n<p>Domingo, o furac\u00e3o atingiu as Bahamas com ventos que ultrapassaram os 300 quil\u00f4metros por hora, arrancando telhados, virando autom\u00f3veis e derrubando postes de eletricidade. Nas \u00faltimas horas, houve v\u00e1rias inunda\u00e7\u00f5es nas Ilhas \u00c1baco.&nbsp;<\/p>\n\n\n\n<p>A irm\u00e3 de um menino que morreu afogado&nbsp;tamb\u00e9m est\u00e1 desaparecida.&nbsp;&nbsp;<\/p>\n\n\n\n<p>No norte do arquip\u00e9lago, os hot\u00e9is fecharam as portas e o governo local montou abrigos em igrejas e escolas.&nbsp;<\/p>\n\n\n\n<p>O primeiro-ministro das Bahamas,&nbsp;Hubert Minnis, afirmou que a passagem do furac\u00e3o Dorian foi o pior dia que teve na vida e classificou o evernto como uma \u201ctempestade monstruosa\u201d.&nbsp; O furac\u00e3o Dorian&nbsp;vai &#8220;testar a popula\u00e7\u00e3o de uma forma jamais vista antes&#8221;, disse Minnis.&nbsp;<\/p>\n\n\n\n<p>\u201cEste deve ser o dia mais triste e pior da minha vida. Muitos n\u00e3o ouviram o meu aviso [sobre a iminente vinda do furac\u00e3o], muitos ficaram para tr\u00e1s e ainda h\u00e1 pessoas na zona oeste que recusaram partir\u201d, afirmou Hubert Minnis.&nbsp;<\/p>\n\n\n\n<p>\u201cS\u00f3 lhes posso dizer que espero que esta n\u00e3o seja a \u00faltima vez que ouvem a minha voz\u201d, acrescentou o primeiro-ministro do arquip\u00e9lago.&nbsp;<\/p>\n\n\n\n<p>Cerca de 13 mil casas poder\u00e3o ter sido danificadas ou destru\u00eddas pela for\u00e7a de ventos.&nbsp;<\/p>\n\n\n\n<p>&#8220;N\u00e3o temos ainda uma ideia completa do que aconteceu. Mas \u00e9 claro que o furac\u00e3o Dorian teve um impacto catastr\u00f3fico&#8221;, declarou Sune Bulow, chefe do centro de opera\u00e7\u00f5es de emerg\u00eancia da Federa\u00e7\u00e3o Internacional das Sociedades da Cruz Vermelha e do Crescente Vermelho (FICR).<\/p>\n\n\n\n<p>Bulow explicou que a organiza\u00e7\u00e3o, com sede em Genebra (Sui\u00e7a) est\u00e1 respondendo \u00e0s &#8220;necessidades de abrigo importantes&#8221;.<\/p>\n\n\n\n<p>A popula\u00e7\u00e3o do arquip\u00e9lago caribenho tem ainda necessidade de \u00e1gua pot\u00e1vel, assist\u00eancia sanit\u00e1ria e de apoio econ\u00f3mico a curto prazo.<\/p>\n","protected":false},"excerpt":{"rendered":"<p>O furac\u00e3o Dorian deve atingir hoje (2) a costa este dos Estados Unidos. A tempestade atingiu ontem (1\u00ba) a categoria cinco, o n\u00edvel m\u00e1ximo da&hellip; <\/p>\n","protected":false},"author":1,"featured_media":113334,"comment_status":"closed","ping_status":"closed","sticky":false,"template":"","format":"standard","meta":{"sfsi_plus_gutenberg_text_before_share":"","sfsi_plus_gutenberg_show_text_before_share":"","sfsi_plus_gutenberg_icon_type":"","sfsi_plus_gutenberg_icon_alignemt":"","sfsi_plus_gutenburg_max_per_row":"","footnotes":""},"categories":[2],"tags":[],"class_list":["post-113332","post","type-post","status-publish","format-standard","has-post-thumbnail","hentry","category-geral"],"_links":{"self":[{"href":"https:\/\/www.caririemacao.com\/1\/wp-json\/wp\/v2\/posts\/113332","targetHints":{"allow":["GET"]}}],"collection":[{"href":"https:\/\/www.caririemacao.com\/1\/wp-json\/wp\/v2\/posts"}],"about":[{"href":"https:\/\/www.caririemacao.com\/1\/wp-json\/wp\/v2\/types\/post"}],"author":[{"embeddable":true,"href":"https:\/\/www.caririemacao.com\/1\/wp-json\/wp\/v2\/users\/1"}],"replies":[{"embeddable":true,"href":"https:\/\/www.caririemacao.com\/1\/wp-json\/wp\/v2\/comments?post=113332"}],"version-history":[{"count":1,"href":"https:\/\/www.caririemacao.com\/1\/wp-json\/wp\/v2\/posts\/113332\/revisions"}],"predecessor-version":[{"id":113335,"href":"https:\/\/www.caririemacao.com\/1\/wp-json\/wp\/v2\/posts\/113332\/revisions\/113335"}],"wp:featuredmedia":[{"embeddable":true,"href":"https:\/\/www.caririemacao.com\/1\/wp-json\/wp\/v2\/media\/113334"}],"wp:attachment":[{"href":"https:\/\/www.caririemacao.com\/1\/wp-json\/wp\/v2\/media?parent=113332"}],"wp:term":[{"taxonomy":"category","embeddable":true,"href":"https:\/\/www.caririemacao.com\/1\/wp-json\/wp\/v2\/categories?post=113332"},{"taxonomy":"post_tag","embeddable":true,"href":"https:\/\/www.caririemacao.com\/1\/wp-json\/wp\/v2\/tags?post=113332"}],"curies":[{"name":"wp","href":"https:\/\/api.w.org\/{rel}","templated":true}]}}