{"id":113376,"date":"2019-09-02T11:06:48","date_gmt":"2019-09-02T14:06:48","guid":{"rendered":"http:\/\/www.caririemacao.com\/1\/?p=113376"},"modified":"2019-09-02T11:06:48","modified_gmt":"2019-09-02T14:06:48","slug":"familia-paraibana-estava-em-aviao-que-turbina-pegou-fogo-em-juazeiro-do-norte","status":"publish","type":"post","link":"https:\/\/www.caririemacao.com\/1\/2019\/09\/02\/familia-paraibana-estava-em-aviao-que-turbina-pegou-fogo-em-juazeiro-do-norte\/","title":{"rendered":"Fam\u00edlia paraibana estava em avi\u00e3o que turbina pegou fogo em Juazeiro do Norte"},"content":{"rendered":"\n<p>Uma fam\u00edlia paraibana estava dentro do avi\u00e3o que a turbina pegou fogo, em Juazeiro do Norte, no Cear\u00e1. Os paraibanos s\u00e3o da cidade de Aparecida e iam com destino a S\u00e3o Paulo. A turbina de um avi\u00e3o da Gol pegou fogo na manh\u00e3 desta segunda-feira (2) durante a decolagem do Aeroporto Orlando Bezerra de Menezes. Passageiros relataram a tens\u00e3o durante o ocorrido, mas ningu\u00e9m ficou ferido.<\/p>\n\n\n\n<p>O voo G3 1561 tinha como destino Guarulhos, em S\u00e3o Paulo. A aeronave, um Boeing 737-800, estava com 145 passageiros e precisou ser esvaziada. Apesar do transtorno, o aeroporto n\u00e3o foi fechado e n\u00e3o houve atraso de outros voos.&nbsp;&nbsp;<\/p>\n\n\n\n<figure><iframe width=\"500\" height=\"281\" data-src=\"https:\/\/www.youtube.com\/embed\/OOkSETdeBqk\" allowfullscreen=\"\" src=\"data:image\/svg+xml;base64,PHN2ZyB3aWR0aD0iMSIgaGVpZ2h0PSIxIiB4bWxucz0iaHR0cDovL3d3dy53My5vcmcvMjAwMC9zdmciPjwvc3ZnPg==\" class=\"lazyload\" data-load-mode=\"1\"><\/iframe><\/figure>\n\n\n\n<p><strong>Manuten\u00e7\u00e3o da aeronave&nbsp; &nbsp; &nbsp; &nbsp; &nbsp; &nbsp; &nbsp; &nbsp; &nbsp; &nbsp;&nbsp;<\/strong><\/p>\n\n\n\n<p>Em nota, a Gol afirmou que o voo G3 1561 (Juazeiro do Norte &#8211; Guarulhos) apresentou uma limita\u00e7\u00e3o t\u00e9cnica pr\u00f3ximo \u00e0 decolagem, tendo que retornar para avalia\u00e7\u00e3o da equipe de manuten\u00e7\u00e3o da Companhia. A empresa afirmou que os clientes receberam assist\u00eancia necess\u00e1ria. A Gol lamentou os transtornos, mas reiterou que a\u00e7\u00f5es como essa visam garantir a seguran\u00e7a.&nbsp;<\/p>\n\n\n\n<p>At\u00e9 as 8h10, contudo, os passageiros continuavam no sagu\u00e3o aguardando mais informa\u00e7\u00f5es da companhia.<\/p>\n\n\n\n<p>Um deles afirmou para o Sistema Verdes Mares que ao entrar na aeronave sentiram um cheiro de combust\u00edvel na parte traseira do avi\u00e3o. Depois da decolagem eles viram um clar\u00e3o saindo de uma das turbinas.&nbsp;<\/p>\n\n\n\n<p>\u201cA gente levantou voo, teve esse clar\u00e3o e ele desceu imediatamente. Foi coisa de minutos. Todo mundo sentiu um odor de gasolina, a gente embarcou, colocou as malas, sentei-me ao lado da turbina que teve um princ\u00edpio de inc\u00eandio\u201d, disse o engenheiro de produ\u00e7\u00e3o H\u00e9rcules de Souza Santana.&nbsp;<\/p>\n\n\n\n<p><strong>Medo e tens\u00e3o&nbsp; &nbsp; &nbsp; &nbsp; &nbsp; &nbsp; &nbsp; &nbsp; &nbsp; &nbsp;&nbsp;<\/strong><\/p>\n\n\n\n<p>Aos prantos, a servidora p\u00fablica Ivanilda Arceno disse que est\u00e1 com medo de entrar em outra aeronave. Ela iria para um casamento em S\u00e3o Paulo na companhia da filha de 7 anos.&nbsp;<\/p>\n\n\n\n<p>\u201cEstou assustada. Eu ia para um casamento da minha sobrinha. Foi desesperador como m\u00e3e passar por uma situa\u00e7\u00e3o dessa. Estou preocupada porque ela [a filha] est\u00e1 chorando. Eu n\u00e3o vou mais&#8221;, relatou a passageira.<\/p>\n","protected":false},"excerpt":{"rendered":"<p>Uma fam\u00edlia paraibana estava dentro do avi\u00e3o que a turbina pegou fogo, em Juazeiro do Norte, no Cear\u00e1. Os paraibanos s\u00e3o da cidade de Aparecida&hellip; <\/p>\n","protected":false},"author":1,"featured_media":113377,"comment_status":"closed","ping_status":"closed","sticky":false,"template":"","format":"standard","meta":{"sfsi_plus_gutenberg_text_before_share":"","sfsi_plus_gutenberg_show_text_before_share":"","sfsi_plus_gutenberg_icon_type":"","sfsi_plus_gutenberg_icon_alignemt":"","sfsi_plus_gutenburg_max_per_row":"","footnotes":""},"categories":[2],"tags":[],"class_list":["post-113376","post","type-post","status-publish","format-standard","has-post-thumbnail","hentry","category-geral"],"_links":{"self":[{"href":"https:\/\/www.caririemacao.com\/1\/wp-json\/wp\/v2\/posts\/113376","targetHints":{"allow":["GET"]}}],"collection":[{"href":"https:\/\/www.caririemacao.com\/1\/wp-json\/wp\/v2\/posts"}],"about":[{"href":"https:\/\/www.caririemacao.com\/1\/wp-json\/wp\/v2\/types\/post"}],"author":[{"embeddable":true,"href":"https:\/\/www.caririemacao.com\/1\/wp-json\/wp\/v2\/users\/1"}],"replies":[{"embeddable":true,"href":"https:\/\/www.caririemacao.com\/1\/wp-json\/wp\/v2\/comments?post=113376"}],"version-history":[{"count":1,"href":"https:\/\/www.caririemacao.com\/1\/wp-json\/wp\/v2\/posts\/113376\/revisions"}],"predecessor-version":[{"id":113378,"href":"https:\/\/www.caririemacao.com\/1\/wp-json\/wp\/v2\/posts\/113376\/revisions\/113378"}],"wp:featuredmedia":[{"embeddable":true,"href":"https:\/\/www.caririemacao.com\/1\/wp-json\/wp\/v2\/media\/113377"}],"wp:attachment":[{"href":"https:\/\/www.caririemacao.com\/1\/wp-json\/wp\/v2\/media?parent=113376"}],"wp:term":[{"taxonomy":"category","embeddable":true,"href":"https:\/\/www.caririemacao.com\/1\/wp-json\/wp\/v2\/categories?post=113376"},{"taxonomy":"post_tag","embeddable":true,"href":"https:\/\/www.caririemacao.com\/1\/wp-json\/wp\/v2\/tags?post=113376"}],"curies":[{"name":"wp","href":"https:\/\/api.w.org\/{rel}","templated":true}]}}