{"id":113388,"date":"2019-09-02T11:10:19","date_gmt":"2019-09-02T14:10:19","guid":{"rendered":"http:\/\/www.caririemacao.com\/1\/?p=113388"},"modified":"2019-09-02T11:10:19","modified_gmt":"2019-09-02T14:10:19","slug":"carlinhos-maia-diz-que-adolescente-que-tenta-suicidio-e-imbecil","status":"publish","type":"post","link":"https:\/\/www.caririemacao.com\/1\/2019\/09\/02\/carlinhos-maia-diz-que-adolescente-que-tenta-suicidio-e-imbecil\/","title":{"rendered":"Carlinhos Maia diz que adolescente que tenta suic\u00eddio \u00e9 &#8216;imbecil&#8217;"},"content":{"rendered":"\n<p>Carlinhos Maia, 27, se envolveu em mais uma pol\u00eamica neste domingo (1\u00ba), ao publicar um v\u00eddeo no stories de seu perfil no Instagram criticando adolescentes que pensam em cometer suic\u00eddio.<\/p>\n\n\n\n<p>&#8220;Voc\u00ea achava mesmo que ia ser f\u00e1cil? Eu vejo meninos aqui com 16 anos me mandando &#8216;Eu quero me matar&#8217;. Vai imbecil. Vai se matar porque voc\u00ea nem come\u00e7ou a vida ainda&#8221;, diz o influenciador digital. &#8220;Venha perguntar para uma mulher de 75 anos, que at\u00e9 hoje trabalha, que at\u00e9 hoje sustenta os netos, que at\u00e9 hoje t\u00e1 varrendo o quintal, que at\u00e9 hoje t\u00e1 catando latinha na rua para sustentar os bisnetos&#8230; Venha perguntar se ela se matou com 16 anos&#8221;.<\/p>\n\n\n\n<p>O coment\u00e1rio de Maia n\u00e3o foi bem aceito pelos internautas e, momentos depois, ele apagou o v\u00eddeo de sua rede social. Mesmo assim, por conta do epis\u00f3dio, seu nome chegou aos assuntos mais comentados no Twitter.<\/p>\n\n\n\n<p>Maia foi criticado por fazer esse coment\u00e1rio especialmente no in\u00edcio do m\u00eas de setembro, que \u00e9 tomado pela campanha do &#8220;Setembro Amarelo&#8221;, pela preven\u00e7\u00e3o dos suic\u00eddios.<\/p>\n\n\n\n<p>O youtuber&nbsp;<a href=\"https:\/\/www.clickpb.com.br\/brasil\/felipe-neto-alfineta-carlinhos-maia-apos-polemica-sobre-suicidio-267009.html\">Felipe Neto tamb\u00e9m criticou a postura<\/a>&nbsp;do humorista.&nbsp;<\/p>\n\n\n\n<p>&nbsp;\u201cNesse momento do mundo, n\u00e3o existe nada mais importante do que se informar a respeito da depress\u00e3o e tudo o que envolve essa doen\u00e7a. Est\u00e1 come\u00e7ando agora o setembro amarelo. Depress\u00e3o \u00e9 o mal do s\u00e9culo no mundo inteiro. A sua dor \u00e9 leg\u00edtima. O seu sofrimento \u00e9 real e leg\u00edtimo. Ningu\u00e9m pode dizer que n\u00e3o \u00e9. O que voc\u00ea precisa \u00e9 de buscar maneiras de conseguir melhorar. O que voc\u00ea tem \u00e9 uma doen\u00e7a. Eu espero que voc\u00eas n\u00e3o deixem esse tipo de mensagem influenciar voc\u00eas\u201d, disse Felipe.&nbsp;<br><\/p>\n\n\n\n<p>Essa n\u00e3o \u00e9 a primeira vez que Maia se envolve em uma pol\u00eamica que tem a depress\u00e3o como assunto principal. Em abril, seu colega de cena Whindersson Nunes revelou que estava sofrendo com a doen\u00e7a, e foi especulado semanas depois que ela teria come\u00e7ado por conta de ofensas vindas de Maia, durante grava\u00e7\u00e3o de &#8220;Os Roni&#8221;, programa do Multishow.<\/p>\n\n\n\n<p>Segundo a colunista F\u00e1bia Oliveira, do Jornal O Dia, ap\u00f3s um epis\u00f3dio em que Whindersson teria ouvido ofensas do influenciador, ele saiu andando sem rumo pelas ruas de S\u00e3o Paulo. A colunista ouviu um funcion\u00e1rio do Multishow, que afirmou que algumas pessoas da produ\u00e7\u00e3o pensaram em chamar a Samu para socorrer o humorista, mas ficaram com medo do esc\u00e2ndalo e repercuss\u00e3o que isso poderia ter.<\/p>\n\n\n\n<p>Procurada pela Folha de S.Paulo, a assessoria de Carlinhos Maia e Whindersson Nunes, que \u00e9 a mesma, disse que o epis\u00f3dio citado pela colunista nunca existiu.<\/p>\n","protected":false},"excerpt":{"rendered":"<p>Carlinhos Maia, 27, se envolveu em mais uma pol\u00eamica neste domingo (1\u00ba), ao publicar um v\u00eddeo no stories de seu perfil no Instagram criticando adolescentes&hellip; <\/p>\n","protected":false},"author":1,"featured_media":113390,"comment_status":"closed","ping_status":"closed","sticky":false,"template":"","format":"standard","meta":{"sfsi_plus_gutenberg_text_before_share":"","sfsi_plus_gutenberg_show_text_before_share":"","sfsi_plus_gutenberg_icon_type":"","sfsi_plus_gutenberg_icon_alignemt":"","sfsi_plus_gutenburg_max_per_row":"","footnotes":""},"categories":[2],"tags":[],"class_list":["post-113388","post","type-post","status-publish","format-standard","has-post-thumbnail","hentry","category-geral"],"_links":{"self":[{"href":"https:\/\/www.caririemacao.com\/1\/wp-json\/wp\/v2\/posts\/113388","targetHints":{"allow":["GET"]}}],"collection":[{"href":"https:\/\/www.caririemacao.com\/1\/wp-json\/wp\/v2\/posts"}],"about":[{"href":"https:\/\/www.caririemacao.com\/1\/wp-json\/wp\/v2\/types\/post"}],"author":[{"embeddable":true,"href":"https:\/\/www.caririemacao.com\/1\/wp-json\/wp\/v2\/users\/1"}],"replies":[{"embeddable":true,"href":"https:\/\/www.caririemacao.com\/1\/wp-json\/wp\/v2\/comments?post=113388"}],"version-history":[{"count":1,"href":"https:\/\/www.caririemacao.com\/1\/wp-json\/wp\/v2\/posts\/113388\/revisions"}],"predecessor-version":[{"id":113391,"href":"https:\/\/www.caririemacao.com\/1\/wp-json\/wp\/v2\/posts\/113388\/revisions\/113391"}],"wp:featuredmedia":[{"embeddable":true,"href":"https:\/\/www.caririemacao.com\/1\/wp-json\/wp\/v2\/media\/113390"}],"wp:attachment":[{"href":"https:\/\/www.caririemacao.com\/1\/wp-json\/wp\/v2\/media?parent=113388"}],"wp:term":[{"taxonomy":"category","embeddable":true,"href":"https:\/\/www.caririemacao.com\/1\/wp-json\/wp\/v2\/categories?post=113388"},{"taxonomy":"post_tag","embeddable":true,"href":"https:\/\/www.caririemacao.com\/1\/wp-json\/wp\/v2\/tags?post=113388"}],"curies":[{"name":"wp","href":"https:\/\/api.w.org\/{rel}","templated":true}]}}