{"id":113400,"date":"2019-09-02T11:46:33","date_gmt":"2019-09-02T14:46:33","guid":{"rendered":"http:\/\/www.caririemacao.com\/1\/?p=113400"},"modified":"2019-09-02T11:46:33","modified_gmt":"2019-09-02T14:46:33","slug":"um-recado-a-imprensa-bolsonarista-da-paraiba-o-que-fracassou-em-monteiro-mesmo-foi-o-cerco-a-ricardo-coutinho","status":"publish","type":"post","link":"https:\/\/www.caririemacao.com\/1\/2019\/09\/02\/um-recado-a-imprensa-bolsonarista-da-paraiba-o-que-fracassou-em-monteiro-mesmo-foi-o-cerco-a-ricardo-coutinho\/","title":{"rendered":"Um recado \u00e0 imprensa bolsonarista da Para\u00edba: o que fracassou em Monteiro mesmo foi o cerco a Ricardo Coutinho"},"content":{"rendered":"\n<p>A Para\u00edba se encontrou de v\u00e1rias maneiras, ontem, em Monteiro.<\/p>\n\n\n\n<p>Milhares de pessoas provenientes de v\u00e1rias regi\u00f5es do estado se juntaram a outros&nbsp;<strong>milhares de caririzeiros<\/strong>&nbsp;para empunharem uma s\u00f3 bandeira: a&nbsp;<strong>bandeira da defesa da Transposi\u00e7\u00e3o<\/strong>, do direito universal ao acesso \u00e0 \u00e1gua.<\/p>\n\n\n\n<p>O&nbsp;<strong>melhor da pol\u00edtica brasileira&nbsp;<\/strong>e<strong>paraibana<\/strong>&nbsp;tamb\u00e9m estava em Monteiro, ontem.<\/p>\n\n\n\n<p>Al\u00e9m de grandes lideran\u00e7as pol\u00edticas nacionais, que deram uma representatividade nacional \u00e0 altura do&nbsp;<strong>ato&nbsp;<\/strong>convocado por&nbsp;<strong>Ricardo Coutinho<\/strong>&nbsp;\u2013 a presidenta do PT, a deputada federal&nbsp;<strong>Gleise Hoffmann<\/strong>, e a presidenta do PCdoB, a&nbsp;vice-governadora de Pernambuco,&nbsp;<strong>Luciana Santos, \u2013&nbsp;<\/strong>importantes lideran\u00e7as estaduais subiram no palanque armado no centro da cidade caririzeira.<\/p>\n\n\n\n<p>Al\u00e9m delas, os senadores&nbsp;<strong>Humberto Costa (PT),&nbsp;<\/strong>o deputado federal&nbsp;<strong>Jo\u00e3o Campos (PSB)<\/strong>, filho de&nbsp;<strong>Eduardo Campos<\/strong>, o parlamentar mais votado de Pernambuco na elei\u00e7\u00e3o passada. E&nbsp;<strong>Fernando Haddad,&nbsp;<\/strong>ex-ministro da Educa\u00e7\u00e3o, ex-prefeito de S\u00e3o Paulo, e candidato a presidente com mais de&nbsp;<strong>70% dos votos dos nordestinos, em 2018.<\/strong><\/p>\n\n\n\n<p>Tr\u00eas deputados federais empunharam o microfone para falar \u00e0 multid\u00e3o:&nbsp;<strong>Gerv\u00e1sio Maia<\/strong>, do PSB,&nbsp;<strong>Frei Anast\u00e1cio,&nbsp;<\/strong>do PT, e&nbsp;<strong>Dami\u00e3o Feliciano,&nbsp;<\/strong>do&nbsp;<strong>PDT,&nbsp;<\/strong>esposo da vice-governadora,&nbsp;<strong>L\u00edgia Feliciano.<\/strong>&nbsp;A presen\u00e7a do&nbsp;<strong>Dr. Dami\u00e3o&nbsp;<\/strong>n\u00e3o pode ser considerado uma surpresa, afinal ele pertence \u00e0 bancada de oposi\u00e7\u00e3o no Congresso a Bolsonaro. E a presen\u00e7a de&nbsp;<strong>Dami\u00e3o Feliciano,&nbsp;<\/strong>em Monteiro, pode ser interpretado como um recado muito expl\u00edcito:&nbsp;<strong>Dami\u00e3o tem lado na pol\u00edtica paraibana: o que estava reunido no palanque e nas ruas de Monteiro.&nbsp;<\/strong>Presen\u00e7a de muito significado tamb\u00e9m foi a do ex-deputado federal petista Luiz Couto e candidato ao Senado na \u00faltima elei\u00e7\u00e3o \u2013 o \u00fanico secret\u00e1rio de estado presente ao ato, registre-se.<\/p>\n\n\n\n<p>T\u00e3o expressiva quanto a presen\u00e7a de Dami\u00e3o Feliciano, foi a presen\u00e7a do&nbsp;<strong>senador<\/strong><strong>&nbsp;Veneziano Vital do Rego (PSB).<\/strong>&nbsp;A press\u00e3o, sobretudo da imprensa bolsonarista, para que Veneziano n\u00e3o fosse a Monteiro foi intensa, mas, como se viu ontem em Monteiro, Veneziano caminhou pelas ruas de Monteiro ao lado das for\u00e7as populares que, elei\u00e7\u00e3o a elei\u00e7\u00e3o, derrotam as for\u00e7as olig\u00e1rquicas da Para\u00edba.<\/p>\n\n\n\n<p>A presen\u00e7a de&nbsp;<strong>sete deputados estaduais<\/strong>&nbsp;tamb\u00e9m mostra que o cerco que pretenderam criar para esvaziar o&nbsp;<strong>SOS Transposi\u00e7\u00e3o<\/strong>, esse sim,&nbsp;<strong>fracassou:&nbsp;<\/strong>dos oito deputados estaduais do&nbsp;<strong>PSB,&nbsp;<\/strong>o partido do governador,&nbsp;quatro&nbsp;foram a Monteiro:&nbsp;<strong>Cida Ramos<\/strong>,&nbsp;<strong>Estela Bezerra<\/strong>,&nbsp;<strong>Jeov\u00e1 Campos<\/strong>&nbsp;e&nbsp;<strong>Buba Germano<\/strong>. Al\u00e9m de An\u00edsio Maia&nbsp;<strong>(PT)&nbsp;<\/strong>e do excelente deputado&nbsp;<strong>Chi\u00f3,<\/strong>&nbsp;da&nbsp;<strong>Rede<\/strong>, que fez um dos mais aplaudidos na tarde de ontem.<\/p>\n\n\n\n<p>Enfim, o grande ato p\u00fablico que a cidade de Monteiro recebeu, ontem, representa uma grande vit\u00f3ria pol\u00edtica para o&nbsp;<strong>campo progressista,&nbsp;<\/strong>liderando na Para\u00edba pelo ex-governador&nbsp;<strong>Ricardo Coutinho<\/strong>, que foi homenageado com uma carta escrita pelo ex-presidente Lula, essa sim, a aus\u00eancia mais sentida do ato, pelo exemplo de&nbsp;<strong>compromisso com o povo<\/strong>, pela&nbsp;<strong>esperan\u00e7a&nbsp;<\/strong>que ele representa. Em um dos trechos mais significativos da carta lida por Ricardo, Lula lembra de sua vida a Monteiro, no ano passado:<\/p>\n\n\n\n<p><em>\u201cPoucas coisas na vida me fizeram t\u00e3o feliz quanto tirar do papel um sonho de muitas gera\u00e7\u00f5es, e tornar realidade a&nbsp;transposi\u00e7\u00e3o do S\u00e3o Francisco. Uma das melhores lembran\u00e7as que tenho \u00e9 a da inaugura\u00e7\u00e3o popular que fizemos em 2017, a\u00ed em Monteiro, com a presen\u00e7a da ex-presidenta Dilma, do ex-governador Ricardo Coutinho e de muitos de voc\u00eas que a\u00ed est\u00e3o de novo, desta vez protestando e exigindo de volta aquela alegria que est\u00e3o roubando de n\u00f3s.<\/em><\/p>\n\n\n\n<p><em>\u201cVer a crian\u00e7ada mergulhando, o povo dan\u00e7ando e bebendo daquela \u00e1gua que o sertanejo esperava desde a \u00e9poca do imp\u00e9rio, nada disso tem pre\u00e7o. N\u00e3o h\u00e1 dinheiro no mundo que pague os abra\u00e7os que naquele dia eu recebi de tanta gente molhada de suor do seu trabalho e encharcada das \u00e1guas do S\u00e3o Francisco.\u201d<\/em><\/p>\n\n\n\n<p>Foi esse compromisso com as causas do povo que caminhou ontem pelas ruas de Monteiro, a oferecer esperan\u00e7a a um povo cada vez de uma regi\u00e3o carente de tudo, compromisso que os que l\u00e1 estiveram demonstraram ter.<\/p>\n\n\n\n<p>Ontem, as ruas de Monteiro deram seu recado a Bolsonaro: n\u00e3o destrua as obras da Transposi\u00e7\u00e3o, pois um governo que age deliberadamente para impedir o direito ao acesso \u00e0 \u00e1gua, sem que esteja amparado em raz\u00f5es justificadas, comete crime contra seu pr\u00f3prio povo.&nbsp;Esse foi o recado. De que lado voc\u00ea est\u00e1?<\/p>\n\n\n\n<p>O mais importante a ser extra\u00eddo do&nbsp;<strong>ato de Monteiro&nbsp;<\/strong>\u00e9 esse: os campos pol\u00edticos est\u00e3o mais do que nunca demarcados, e essas diferen\u00e7as nunca foram t\u00e3o claras, e o povo mais vez saber\u00e1 distingui-las.<\/p>\n\n\n\n<p>Como sempre, \u00e9 o povo contra o resto!<\/p>\n","protected":false},"excerpt":{"rendered":"<p>A Para\u00edba se encontrou de v\u00e1rias maneiras, ontem, em Monteiro. Milhares de pessoas provenientes de v\u00e1rias regi\u00f5es do estado se juntaram a outros&nbsp;milhares de caririzeiros&nbsp;para&hellip; <\/p>\n","protected":false},"author":1,"featured_media":113402,"comment_status":"closed","ping_status":"closed","sticky":false,"template":"","format":"standard","meta":{"sfsi_plus_gutenberg_text_before_share":"","sfsi_plus_gutenberg_show_text_before_share":"","sfsi_plus_gutenberg_icon_type":"","sfsi_plus_gutenberg_icon_alignemt":"","sfsi_plus_gutenburg_max_per_row":"","footnotes":""},"categories":[50,11],"tags":[],"class_list":["post-113400","post","type-post","status-publish","format-standard","has-post-thumbnail","hentry","category-destaque","category-politica"],"_links":{"self":[{"href":"https:\/\/www.caririemacao.com\/1\/wp-json\/wp\/v2\/posts\/113400","targetHints":{"allow":["GET"]}}],"collection":[{"href":"https:\/\/www.caririemacao.com\/1\/wp-json\/wp\/v2\/posts"}],"about":[{"href":"https:\/\/www.caririemacao.com\/1\/wp-json\/wp\/v2\/types\/post"}],"author":[{"embeddable":true,"href":"https:\/\/www.caririemacao.com\/1\/wp-json\/wp\/v2\/users\/1"}],"replies":[{"embeddable":true,"href":"https:\/\/www.caririemacao.com\/1\/wp-json\/wp\/v2\/comments?post=113400"}],"version-history":[{"count":1,"href":"https:\/\/www.caririemacao.com\/1\/wp-json\/wp\/v2\/posts\/113400\/revisions"}],"predecessor-version":[{"id":113403,"href":"https:\/\/www.caririemacao.com\/1\/wp-json\/wp\/v2\/posts\/113400\/revisions\/113403"}],"wp:featuredmedia":[{"embeddable":true,"href":"https:\/\/www.caririemacao.com\/1\/wp-json\/wp\/v2\/media\/113402"}],"wp:attachment":[{"href":"https:\/\/www.caririemacao.com\/1\/wp-json\/wp\/v2\/media?parent=113400"}],"wp:term":[{"taxonomy":"category","embeddable":true,"href":"https:\/\/www.caririemacao.com\/1\/wp-json\/wp\/v2\/categories?post=113400"},{"taxonomy":"post_tag","embeddable":true,"href":"https:\/\/www.caririemacao.com\/1\/wp-json\/wp\/v2\/tags?post=113400"}],"curies":[{"name":"wp","href":"https:\/\/api.w.org\/{rel}","templated":true}]}}