{"id":113406,"date":"2019-09-02T11:51:38","date_gmt":"2019-09-02T14:51:38","guid":{"rendered":"http:\/\/www.caririemacao.com\/1\/?p=113406"},"modified":"2019-09-02T11:51:38","modified_gmt":"2019-09-02T14:51:38","slug":"prefeito-de-s-s-do-umbuzeiro-cumpre-agenda-em-joao-pessoa-e-monteiro-no-fim-de-semana","status":"publish","type":"post","link":"https:\/\/www.caririemacao.com\/1\/2019\/09\/02\/prefeito-de-s-s-do-umbuzeiro-cumpre-agenda-em-joao-pessoa-e-monteiro-no-fim-de-semana\/","title":{"rendered":"Prefeito de S. S. do Umbuzeiro cumpre agenda em Jo\u00e3o Pessoa e Monteiro no fim de semana"},"content":{"rendered":"\n<p>O Prefeito Adriano Wolff, de S\u00e3o Sebasti\u00e3o do Umbuzeiro, cumpriu agenda neste fim de semana em Jo\u00e3o Pessoa e Monteiro.<\/p>\n\n\n\n<p>No s\u00e1bado, 31, Adriano participou do encontro executiva estadual dos Democratas em Cabedelo, com filiados e correligion\u00e1rios para abrir novas filia\u00e7\u00f5es ao partido, e contou com a presen\u00e7a do presidente da executiva nacional do DEM na reuni\u00e3o, ACM Neto, prefeito de Salvador\/BA.<\/p>\n\n\n\n<p>O prefeito Adriano Wolff, filiado ao DEM, disse que essas filia\u00e7\u00f5es est\u00e3o integradas a um projeto de crescimento do partido no Estado, e que em S\u00e3o Sebasti\u00e3o do Umbuzeiro ele tem buscado fortalecer cada vez mais o partido.<\/p>\n\n\n\n<p>J\u00e1 no domingo, 1, o Prefeito Adriano esteve em Monteiro, participando do ato em prol da transposi\u00e7\u00e3o do Rio S\u00e3o Francisco, e em contato com a imprensa, defendeu a retomada das \u00e1guas para amenizar os problemas da seca na regi\u00e3o e garantir seguran\u00e7a h\u00eddrica para os munic\u00edpios que dependem dessa \u00e1gua.<\/p>\n","protected":false},"excerpt":{"rendered":"<p>O Prefeito Adriano Wolff, de S\u00e3o Sebasti\u00e3o do Umbuzeiro, cumpriu agenda neste fim de semana em Jo\u00e3o Pessoa e Monteiro. No s\u00e1bado, 31, Adriano participou&hellip; <\/p>\n","protected":false},"author":1,"featured_media":113408,"comment_status":"closed","ping_status":"closed","sticky":false,"template":"","format":"standard","meta":{"sfsi_plus_gutenberg_text_before_share":"","sfsi_plus_gutenberg_show_text_before_share":"","sfsi_plus_gutenberg_icon_type":"","sfsi_plus_gutenberg_icon_alignemt":"","sfsi_plus_gutenburg_max_per_row":"","footnotes":""},"categories":[6,50],"tags":[],"class_list":["post-113406","post","type-post","status-publish","format-standard","has-post-thumbnail","hentry","category-cidades","category-destaque"],"_links":{"self":[{"href":"https:\/\/www.caririemacao.com\/1\/wp-json\/wp\/v2\/posts\/113406","targetHints":{"allow":["GET"]}}],"collection":[{"href":"https:\/\/www.caririemacao.com\/1\/wp-json\/wp\/v2\/posts"}],"about":[{"href":"https:\/\/www.caririemacao.com\/1\/wp-json\/wp\/v2\/types\/post"}],"author":[{"embeddable":true,"href":"https:\/\/www.caririemacao.com\/1\/wp-json\/wp\/v2\/users\/1"}],"replies":[{"embeddable":true,"href":"https:\/\/www.caririemacao.com\/1\/wp-json\/wp\/v2\/comments?post=113406"}],"version-history":[{"count":1,"href":"https:\/\/www.caririemacao.com\/1\/wp-json\/wp\/v2\/posts\/113406\/revisions"}],"predecessor-version":[{"id":113409,"href":"https:\/\/www.caririemacao.com\/1\/wp-json\/wp\/v2\/posts\/113406\/revisions\/113409"}],"wp:featuredmedia":[{"embeddable":true,"href":"https:\/\/www.caririemacao.com\/1\/wp-json\/wp\/v2\/media\/113408"}],"wp:attachment":[{"href":"https:\/\/www.caririemacao.com\/1\/wp-json\/wp\/v2\/media?parent=113406"}],"wp:term":[{"taxonomy":"category","embeddable":true,"href":"https:\/\/www.caririemacao.com\/1\/wp-json\/wp\/v2\/categories?post=113406"},{"taxonomy":"post_tag","embeddable":true,"href":"https:\/\/www.caririemacao.com\/1\/wp-json\/wp\/v2\/tags?post=113406"}],"curies":[{"name":"wp","href":"https:\/\/api.w.org\/{rel}","templated":true}]}}