{"id":113416,"date":"2019-09-02T12:44:08","date_gmt":"2019-09-02T15:44:08","guid":{"rendered":"http:\/\/www.caririemacao.com\/1\/?p=113416"},"modified":"2019-09-02T12:44:08","modified_gmt":"2019-09-02T15:44:08","slug":"video-prefeito-de-sume-afirma-que-oposicao-tenta-fazer-uso-politico-sobre-apreensoes-de-veiculos","status":"publish","type":"post","link":"https:\/\/www.caririemacao.com\/1\/2019\/09\/02\/video-prefeito-de-sume-afirma-que-oposicao-tenta-fazer-uso-politico-sobre-apreensoes-de-veiculos\/","title":{"rendered":"V\u00cdDEO: Prefeito de Sum\u00e9 afirma que oposi\u00e7\u00e3o tenta fazer uso pol\u00edtico sobre apreens\u00f5es de ve\u00edculos"},"content":{"rendered":"\n<p>O prefeito de Sum\u00e9, \u00c9den Duarte se pronunciou sobre uma manifesta\u00e7\u00e3o contra apreens\u00f5es de ve\u00edculos e alegou que setores da oposi\u00e7\u00e3o est\u00e3o fazendo uso pol\u00edtico do caso. \u00c9den deixou claro que a Prefeitura n\u00e3o tem inger\u00eancia sobre as a\u00e7\u00f5es da Policia Rodovi\u00e1ria Federal, Militar e nem Civil.<\/p>\n\n\n\n<p>\u201cMais uma vez ficam querendo fazer uso politiqueiro da baixaria pol\u00edtica para querer colocar culpa em quem n\u00e3o tem. A popula\u00e7\u00e3o sabe que eu n\u00e3o tenho culpa nisso\u201d, expressou \u00c9den.<\/p>\n\n\n\n<p><strong>Veja o v\u00eddeo:<\/strong><\/p>\n\n\n\n<figure class=\"wp-block-embed-wordpress wp-block-embed is-type-wp-embed is-provider-cariri-em-acao\"><div class=\"wp-block-embed__wrapper\">\n<div class=\"ose-wrapper ose-uid-94ecbc1bf16f87ab4451ada9e8473f84 ose-embedpress-responsive\" style=\"width:600px; height:550px; max-height:550px; max-width:100%; display:inline-block;\" data-embed-type=\"SelfHosted\"><iframe allowFullScreen=\"true\" width=\"600\" height=\"550\" data-src=\"http:\/\/www.caririemacao.com\/1\/prefeito-de-sume-ira-solicitar-ao-governador-acoes-que-visem-facilitar-regularizacao-de-motos\/\"  src=\"data:image\/svg+xml;base64,PHN2ZyB3aWR0aD0iMSIgaGVpZ2h0PSIxIiB4bWxucz0iaHR0cDovL3d3dy53My5vcmcvMjAwMC9zdmciPjwvc3ZnPg==\" class=\"lazyload\" data-load-mode=\"1\"> <\/iframe><\/div>\n<\/div><\/figure>\n\n\n\n<p>Com Bruno Lira<\/p>\n","protected":false},"excerpt":{"rendered":"<p>O prefeito de Sum\u00e9, \u00c9den Duarte se pronunciou sobre uma manifesta\u00e7\u00e3o contra apreens\u00f5es de ve\u00edculos e alegou que setores da oposi\u00e7\u00e3o est\u00e3o fazendo uso pol\u00edtico&hellip; <\/p>\n","protected":false},"author":2,"featured_media":113420,"comment_status":"closed","ping_status":"closed","sticky":false,"template":"","format":"standard","meta":{"sfsi_plus_gutenberg_text_before_share":"","sfsi_plus_gutenberg_show_text_before_share":"","sfsi_plus_gutenberg_icon_type":"","sfsi_plus_gutenberg_icon_alignemt":"","sfsi_plus_gutenburg_max_per_row":"","footnotes":""},"categories":[50,2],"tags":[],"class_list":["post-113416","post","type-post","status-publish","format-standard","has-post-thumbnail","hentry","category-destaque","category-geral"],"_links":{"self":[{"href":"https:\/\/www.caririemacao.com\/1\/wp-json\/wp\/v2\/posts\/113416","targetHints":{"allow":["GET"]}}],"collection":[{"href":"https:\/\/www.caririemacao.com\/1\/wp-json\/wp\/v2\/posts"}],"about":[{"href":"https:\/\/www.caririemacao.com\/1\/wp-json\/wp\/v2\/types\/post"}],"author":[{"embeddable":true,"href":"https:\/\/www.caririemacao.com\/1\/wp-json\/wp\/v2\/users\/2"}],"replies":[{"embeddable":true,"href":"https:\/\/www.caririemacao.com\/1\/wp-json\/wp\/v2\/comments?post=113416"}],"version-history":[{"count":2,"href":"https:\/\/www.caririemacao.com\/1\/wp-json\/wp\/v2\/posts\/113416\/revisions"}],"predecessor-version":[{"id":113534,"href":"https:\/\/www.caririemacao.com\/1\/wp-json\/wp\/v2\/posts\/113416\/revisions\/113534"}],"wp:featuredmedia":[{"embeddable":true,"href":"https:\/\/www.caririemacao.com\/1\/wp-json\/wp\/v2\/media\/113420"}],"wp:attachment":[{"href":"https:\/\/www.caririemacao.com\/1\/wp-json\/wp\/v2\/media?parent=113416"}],"wp:term":[{"taxonomy":"category","embeddable":true,"href":"https:\/\/www.caririemacao.com\/1\/wp-json\/wp\/v2\/categories?post=113416"},{"taxonomy":"post_tag","embeddable":true,"href":"https:\/\/www.caririemacao.com\/1\/wp-json\/wp\/v2\/tags?post=113416"}],"curies":[{"name":"wp","href":"https:\/\/api.w.org\/{rel}","templated":true}]}}