{"id":113446,"date":"2019-09-02T13:54:49","date_gmt":"2019-09-02T16:54:49","guid":{"rendered":"http:\/\/www.caririemacao.com\/1\/?p=113446"},"modified":"2019-09-02T13:54:49","modified_gmt":"2019-09-02T16:54:49","slug":"policia-prende-duas-mulheres-com-drogas-em-monteiro","status":"publish","type":"post","link":"https:\/\/www.caririemacao.com\/1\/2019\/09\/02\/policia-prende-duas-mulheres-com-drogas-em-monteiro\/","title":{"rendered":"Pol\u00edcia prende duas mulheres com drogas em Monteiro"},"content":{"rendered":"\n<p>A pol\u00edcia militar atrav\u00e9s da Rotam, com o apoio do servi\u00e7o de r\u00e1dio patrulhamento prendeu em Monteiro duas mulheres que estaria vendendo drogas numa resid\u00eancia pr\u00f3ximo ou a\u00e7ude p\u00fablico.<br>\u200cDe acordo com informa\u00e7\u00f5es, na resid\u00eancia foram encontradas uma balan\u00e7a de precis\u00e3o, 145 gramas de maconha, 01 tablet,<br>\u200ccelulares, e 02 facas. As acusadas foram levadas para a delegacia.<br>\u200cPor haver crian\u00e7as na resid\u00eancia a condu\u00e7\u00e3o foi acompanhada pelo concelho tutelar.<br>\u200cHa informa\u00e7\u00f5es de que nesta casa, estariam homiziado dois indiv\u00edduos Camala\u00fa e 05 de Juazeirinho, provavelmente para praticar delitos em Monteiro.<br><\/p>\n\n\n\n<p>\u200cCom informa\u00e7\u00f5es r\u00e1dio cidade 95 FM<\/p>\n","protected":false},"excerpt":{"rendered":"<p>A pol\u00edcia militar atrav\u00e9s da Rotam, com o apoio do servi\u00e7o de r\u00e1dio patrulhamento prendeu em Monteiro duas mulheres que estaria vendendo drogas numa resid\u00eancia&hellip; <\/p>\n","protected":false},"author":1,"featured_media":25619,"comment_status":"closed","ping_status":"closed","sticky":false,"template":"","format":"standard","meta":{"sfsi_plus_gutenberg_text_before_share":"","sfsi_plus_gutenberg_show_text_before_share":"","sfsi_plus_gutenberg_icon_type":"","sfsi_plus_gutenberg_icon_alignemt":"","sfsi_plus_gutenburg_max_per_row":"","footnotes":""},"categories":[50,12],"tags":[],"class_list":["post-113446","post","type-post","status-publish","format-standard","has-post-thumbnail","hentry","category-destaque","category-policia"],"_links":{"self":[{"href":"https:\/\/www.caririemacao.com\/1\/wp-json\/wp\/v2\/posts\/113446","targetHints":{"allow":["GET"]}}],"collection":[{"href":"https:\/\/www.caririemacao.com\/1\/wp-json\/wp\/v2\/posts"}],"about":[{"href":"https:\/\/www.caririemacao.com\/1\/wp-json\/wp\/v2\/types\/post"}],"author":[{"embeddable":true,"href":"https:\/\/www.caririemacao.com\/1\/wp-json\/wp\/v2\/users\/1"}],"replies":[{"embeddable":true,"href":"https:\/\/www.caririemacao.com\/1\/wp-json\/wp\/v2\/comments?post=113446"}],"version-history":[{"count":1,"href":"https:\/\/www.caririemacao.com\/1\/wp-json\/wp\/v2\/posts\/113446\/revisions"}],"predecessor-version":[{"id":113448,"href":"https:\/\/www.caririemacao.com\/1\/wp-json\/wp\/v2\/posts\/113446\/revisions\/113448"}],"wp:featuredmedia":[{"embeddable":true,"href":"https:\/\/www.caririemacao.com\/1\/wp-json\/wp\/v2\/media\/25619"}],"wp:attachment":[{"href":"https:\/\/www.caririemacao.com\/1\/wp-json\/wp\/v2\/media?parent=113446"}],"wp:term":[{"taxonomy":"category","embeddable":true,"href":"https:\/\/www.caririemacao.com\/1\/wp-json\/wp\/v2\/categories?post=113446"},{"taxonomy":"post_tag","embeddable":true,"href":"https:\/\/www.caririemacao.com\/1\/wp-json\/wp\/v2\/tags?post=113446"}],"curies":[{"name":"wp","href":"https:\/\/api.w.org\/{rel}","templated":true}]}}