{"id":113455,"date":"2019-09-02T14:05:04","date_gmt":"2019-09-02T17:05:04","guid":{"rendered":"http:\/\/www.caririemacao.com\/1\/?p=113455"},"modified":"2019-09-02T14:05:04","modified_gmt":"2019-09-02T17:05:04","slug":"voce-acredita-em-papai-noel-reage-bolsonaro-sobre-avanco-de-sua-reprovacao","status":"publish","type":"post","link":"https:\/\/www.caririemacao.com\/1\/2019\/09\/02\/voce-acredita-em-papai-noel-reage-bolsonaro-sobre-avanco-de-sua-reprovacao\/","title":{"rendered":"\u201cVoc\u00ea acredita em Papai Noel?\u201d, reage Bolsonaro sobre avan\u00e7o de sua reprova\u00e7\u00e3o"},"content":{"rendered":"\n<p>O presidente Jair Bolsonaro criticou pesquisa Datafolha divulgada nesta segunda-feira (2) que apontou o aumento de sua reprova\u00e7\u00e3o, inclusive entre a popula\u00e7\u00e3o mais rica.<\/p>\n\n\n\n<p>Em entrevista, ao deixar o Pal\u00e1cio da Alvorada, ele questionou se algu\u00e9m ainda acredita no instituto de pesquisa.<\/p>\n\n\n\n<p>\u201cAlgu\u00e9m acredita no Datafolha? Voc\u00ea acredita em Papai Noel? Outra pergunta\u201d, disse.<\/p>\n\n\n\n<p>Na entrevista, em seguida, o presidente foi lembrado pela Folha de S.Paulo que, no in\u00edcio deste m\u00eas, ele mesmo falou em dados compat\u00edveis do instituto em pesquisa \u00e0 \u00e9poca sobre a rejei\u00e7\u00e3o ao garimpo em \u00e1reas ind\u00edgenas.<\/p>\n\n\n\n<p>\u201cDe vez em quando, quando a pesquisa n\u00e3o \u00e9 politica, h\u00e1 uma tend\u00eancia de fazer a coisa certa. H\u00e1 uma tend\u00eancia\u201d, disse Bolsonaro nesta segunda-feira.<\/p>\n\n\n\n<p>Pesquisa nacional feita pelo Datafolha aponta a eros\u00e3o da popularidade de Bolsonaro em pouco menos de dois meses.<\/p>\n\n\n\n<p>A reprova\u00e7\u00e3o do presidente subiu de 33% para 38% em rela\u00e7\u00e3o ao levantamento anterior do instituto, feito no in\u00edcio de julho, e diversos indicadores apontam uma deteriora\u00e7\u00e3o de sua imagem. Foram ouvidas 2.878 pessoas com mais de 16 anos em 175 munic\u00edpios.<\/p>\n\n\n\n<p>A aprova\u00e7\u00e3o de Bolsonaro tamb\u00e9m caiu, dentro do limite da margem de erro de dois pontos percentuais para mais ou menos, de 33% em julho para 29% agora. A avalia\u00e7\u00e3o do governo como regular ficou est\u00e1vel, passando de 31% para 30%.<\/p>\n\n\n\n<p>A perda de apoio de Bolsonaro tamb\u00e9m foi acentuada entre aqueles mais ricos, com renda mensal acima de 10 sal\u00e1rios m\u00ednimos.<\/p>\n\n\n\n<p>Neste segmento, a aprova\u00e7\u00e3o ao presidente caiu de 52% em julho para 37% agora -bastante significativa, ainda que se mantenha acima da m\u00e9dia.<\/p>\n\n\n\n<p>A pior avalia\u00e7\u00e3o do mandat\u00e1rio \u00e9 entre os mais pobres, que ganham at\u00e9 dois sal\u00e1rios m\u00ednimos (22%), os mais jovens (16 a 24 anos, 24%) e com escolaridade baixa (s\u00f3 ensino fundamental, 26%).<\/p>\n\n\n\n<p>Na pesquisa de julho e na anterior, de abril, estava consolidado um cen\u00e1rio em que o pa\u00eds se dividia em tr\u00eas partes iguais: quem achava Bolsonaro \u00f3timo ou bom, ruim ou p\u00e9ssimo e regular.<\/p>\n\n\n\n<p>De dois meses para c\u00e1, o presidente viu aprovada na C\u00e2mara a reforma da Previd\u00eancia, sua principal bandeira de governo.<\/p>\n\n\n\n<p>Ato cont\u00ednuo, iniciou uma escalada de radicaliza\u00e7\u00e3o, acenando a seu eleitorado mais ideol\u00f3gico com uma sucess\u00e3o de pol\u00eamicas.<\/p>\n\n\n\n<p>Neste per\u00edodo, Bolsonaro sugeriu que o pai do presidente da OAB (Ordem dos Advogados do Brasil) havia sido morto por colegas de luta armada na ditadura, indicou o filho Eduardo para a embaixada brasileira em Washington e criticou governadores do Nordeste -a quem tamb\u00e9m chamou de \u201cpara\u00edbas\u201d.<\/p>\n\n\n\n<p>O \u00faltimo item coincide com a regi\u00e3o em que mais disparou a rejei\u00e7\u00e3o a Bolsonaro. O Nordeste sempre foi uma fortaleza do voto antibolsonarista, mas seu \u00edndice de ruim e p\u00e9ssimo subiu de 41% para 52% na regi\u00e3o de julho para c\u00e1.<\/p>\n\n\n\n<p>Voltando ao corte regional, a disparada de rejei\u00e7\u00e3o no Nordeste \u00e9 acompanhada tamb\u00e9m em \u00e1reas tradicionalmente bolsonaristas.<\/p>\n\n\n\n<p>A regi\u00e3o Sul, por exemplo, teve um aumento de 25% para 31% entre os que avaliam o governo como ruim ou p\u00e9ssimo.<\/p>\n\n\n\n<p>As mulheres seguem rejeitando mais o mandat\u00e1rio do que os homens: 43% delas o acham ruim ou p\u00e9ssimo, ante 34% dos homens.<\/p>\n\n\n\n<p>Com tudo isso, Bolsonaro segue sendo o presidente eleito mais mal avaliado em um primeiro mandato, considerando FHC, Lula e Dilma.<\/p>\n\n\n\n<p>H\u00e1 outros indicativos dos motivos do azedume da popula\u00e7\u00e3o com o presidente, cujo governo ganhou nota 5,1 dos entrevistados.<\/p>\n\n\n\n<p>Nada menos que 44% dos brasileiros n\u00e3o confia na palavra do presidente, enquanto 36% confiam eventualmente e 19%, sempre.<\/p>\n\n\n\n<p>O estilo presidencial, que o entorno de Bolsonaro tenta vender como aut\u00eantico e direto, n\u00e3o est\u00e1 lhe rendendo tamb\u00e9m boa avalia\u00e7\u00e3o.<\/p>\n\n\n\n<p>\u00c9 preponderante a percep\u00e7\u00e3o de que o presidente nunca se comporta conforme o cargo exige. Subiu de 25% para 32% o contingente que pensa assim -em abril, eram 23%. J\u00e1 os que acham que Bolsonaro cumpre a liturgia do cargo ca\u00edram de 22% para 15%, ante 27% em abril.<\/p>\n\n\n\n<p>Ao mesmo tempo, cai a expectativa sobre o governo. Acreditavam em abril que Bolsonaro faria uma gest\u00e3o \u00f3tima ou boa \u00e0 frente 59%.<\/p>\n\n\n\n<p>Em julho, eram 51% e agora, 45%. Na m\u00e3o contr\u00e1ria, creem numa administra\u00e7\u00e3o ruim ou p\u00e9ssima 32% -eram 24% em julho e 23%, em abril.<\/p>\n","protected":false},"excerpt":{"rendered":"<p>O presidente Jair Bolsonaro criticou pesquisa Datafolha divulgada nesta segunda-feira (2) que apontou o aumento de sua reprova\u00e7\u00e3o, inclusive entre a popula\u00e7\u00e3o mais rica. Em&hellip; <\/p>\n","protected":false},"author":1,"featured_media":105390,"comment_status":"closed","ping_status":"closed","sticky":false,"template":"","format":"standard","meta":{"sfsi_plus_gutenberg_text_before_share":"","sfsi_plus_gutenberg_show_text_before_share":"","sfsi_plus_gutenberg_icon_type":"","sfsi_plus_gutenberg_icon_alignemt":"","sfsi_plus_gutenburg_max_per_row":"","footnotes":""},"categories":[11],"tags":[],"class_list":["post-113455","post","type-post","status-publish","format-standard","has-post-thumbnail","hentry","category-politica"],"_links":{"self":[{"href":"https:\/\/www.caririemacao.com\/1\/wp-json\/wp\/v2\/posts\/113455","targetHints":{"allow":["GET"]}}],"collection":[{"href":"https:\/\/www.caririemacao.com\/1\/wp-json\/wp\/v2\/posts"}],"about":[{"href":"https:\/\/www.caririemacao.com\/1\/wp-json\/wp\/v2\/types\/post"}],"author":[{"embeddable":true,"href":"https:\/\/www.caririemacao.com\/1\/wp-json\/wp\/v2\/users\/1"}],"replies":[{"embeddable":true,"href":"https:\/\/www.caririemacao.com\/1\/wp-json\/wp\/v2\/comments?post=113455"}],"version-history":[{"count":1,"href":"https:\/\/www.caririemacao.com\/1\/wp-json\/wp\/v2\/posts\/113455\/revisions"}],"predecessor-version":[{"id":113456,"href":"https:\/\/www.caririemacao.com\/1\/wp-json\/wp\/v2\/posts\/113455\/revisions\/113456"}],"wp:featuredmedia":[{"embeddable":true,"href":"https:\/\/www.caririemacao.com\/1\/wp-json\/wp\/v2\/media\/105390"}],"wp:attachment":[{"href":"https:\/\/www.caririemacao.com\/1\/wp-json\/wp\/v2\/media?parent=113455"}],"wp:term":[{"taxonomy":"category","embeddable":true,"href":"https:\/\/www.caririemacao.com\/1\/wp-json\/wp\/v2\/categories?post=113455"},{"taxonomy":"post_tag","embeddable":true,"href":"https:\/\/www.caririemacao.com\/1\/wp-json\/wp\/v2\/tags?post=113455"}],"curies":[{"name":"wp","href":"https:\/\/api.w.org\/{rel}","templated":true}]}}