{"id":113484,"date":"2019-09-02T14:44:59","date_gmt":"2019-09-02T17:44:59","guid":{"rendered":"http:\/\/www.caririemacao.com\/1\/?p=113484"},"modified":"2019-09-02T14:44:59","modified_gmt":"2019-09-02T17:44:59","slug":"haddad-venceria-bolsonaro-caso-a-eleicao-fosse-hoje-aponta-pesquisa","status":"publish","type":"post","link":"https:\/\/www.caririemacao.com\/1\/2019\/09\/02\/haddad-venceria-bolsonaro-caso-a-eleicao-fosse-hoje-aponta-pesquisa\/","title":{"rendered":"Haddad venceria Bolsonaro caso a elei\u00e7\u00e3o fosse hoje, aponta pesquisa"},"content":{"rendered":"\n<p>Se o segundo turno da elei\u00e7\u00e3o para presidente da Rep\u00fablica fosse hoje, Fernando Haddad (PT) seria eleito com 42% dos votos, contra 36% de Jair Bolsonaro (PSL). \u00c9 o que aponta a pesquisa Datafolha divulgada nesta segunda-feira (2). Outros 18% votariam branco ou nulo e 4% n\u00e3o souberam responder.<\/p>\n\n\n\n<p>No segundo turno da disputa presidencial do ano passado, em 28 de outubro do ano passado, Bolsonaro conseguiu 55,13% dos votos v\u00e1lidos (exclu\u00eddos brancos, nulos e indecisos). Haddad obteve 44,87%.<\/p>\n\n\n\n<p>Atualmente, a reprova\u00e7\u00e3o de Bolsonaro supera a sua aprova\u00e7\u00e3o. Passados oito meses de governo, o percentual dos que n\u00e3o aprovam a sua gest\u00e3o aumentou de 33%, na pesquisa Datafolha feita em julho, para 38%. Foram ouvidas 2.878 pessoas com mais de 16 anos em 175 munic\u00edpios.<\/p>\n\n\n\n<p>A aprova\u00e7\u00e3o de Bolsonaro caiu de e 33% em julho para 29% agora. <\/p>\n\n\n\n<p>As informa\u00e7\u00f5es s\u00e3o do\u00a0<a rel=\"noreferrer noopener\" href=\"https:\/\/www.brasil247.com\/\" target=\"_blank\"><strong>Brasil247<\/strong><\/a>.<\/p>\n","protected":false},"excerpt":{"rendered":"<p>Se o segundo turno da elei\u00e7\u00e3o para presidente da Rep\u00fablica fosse hoje, Fernando Haddad (PT) seria eleito com 42% dos votos, contra 36% de Jair&hellip; <\/p>\n","protected":false},"author":1,"featured_media":113486,"comment_status":"closed","ping_status":"closed","sticky":false,"template":"","format":"standard","meta":{"sfsi_plus_gutenberg_text_before_share":"","sfsi_plus_gutenberg_show_text_before_share":"","sfsi_plus_gutenberg_icon_type":"","sfsi_plus_gutenberg_icon_alignemt":"","sfsi_plus_gutenburg_max_per_row":"","footnotes":""},"categories":[50,11],"tags":[],"class_list":["post-113484","post","type-post","status-publish","format-standard","has-post-thumbnail","hentry","category-destaque","category-politica"],"_links":{"self":[{"href":"https:\/\/www.caririemacao.com\/1\/wp-json\/wp\/v2\/posts\/113484","targetHints":{"allow":["GET"]}}],"collection":[{"href":"https:\/\/www.caririemacao.com\/1\/wp-json\/wp\/v2\/posts"}],"about":[{"href":"https:\/\/www.caririemacao.com\/1\/wp-json\/wp\/v2\/types\/post"}],"author":[{"embeddable":true,"href":"https:\/\/www.caririemacao.com\/1\/wp-json\/wp\/v2\/users\/1"}],"replies":[{"embeddable":true,"href":"https:\/\/www.caririemacao.com\/1\/wp-json\/wp\/v2\/comments?post=113484"}],"version-history":[{"count":1,"href":"https:\/\/www.caririemacao.com\/1\/wp-json\/wp\/v2\/posts\/113484\/revisions"}],"predecessor-version":[{"id":113487,"href":"https:\/\/www.caririemacao.com\/1\/wp-json\/wp\/v2\/posts\/113484\/revisions\/113487"}],"wp:featuredmedia":[{"embeddable":true,"href":"https:\/\/www.caririemacao.com\/1\/wp-json\/wp\/v2\/media\/113486"}],"wp:attachment":[{"href":"https:\/\/www.caririemacao.com\/1\/wp-json\/wp\/v2\/media?parent=113484"}],"wp:term":[{"taxonomy":"category","embeddable":true,"href":"https:\/\/www.caririemacao.com\/1\/wp-json\/wp\/v2\/categories?post=113484"},{"taxonomy":"post_tag","embeddable":true,"href":"https:\/\/www.caririemacao.com\/1\/wp-json\/wp\/v2\/tags?post=113484"}],"curies":[{"name":"wp","href":"https:\/\/api.w.org\/{rel}","templated":true}]}}