{"id":113492,"date":"2019-09-02T14:51:57","date_gmt":"2019-09-02T17:51:57","guid":{"rendered":"http:\/\/www.caririemacao.com\/1\/?p=113492"},"modified":"2019-09-02T14:51:57","modified_gmt":"2019-09-02T17:51:57","slug":"ex-governador-ricardo-entra-com-acao-no-mpf-contra-bolsonaro-por-causa-da-transposicao","status":"publish","type":"post","link":"https:\/\/www.caririemacao.com\/1\/2019\/09\/02\/ex-governador-ricardo-entra-com-acao-no-mpf-contra-bolsonaro-por-causa-da-transposicao\/","title":{"rendered":"Ex-governador Ricardo entra com a\u00e7\u00e3o no MPF contra Bolsonaro por causa da Transposi\u00e7\u00e3o"},"content":{"rendered":"\n<p>O ex-governador Ricardo Coutinho (PSB) anunciou neste domingo (1\u00ba), durante discurso no ato \u2018SOS Transposi\u00e7\u00e3o\u2019, que entrar\u00e1 com uma representa\u00e7\u00e3o no Minist\u00e9rio P\u00fablico Federal (MPF) contra o presidente Jair Bolsonaro (PSL). Ele, senadores e deputados, querem reativar o bombeamento das \u00e1guas do Rio S\u00e3o Francisco para a Para\u00edba e exigir a\u00e7\u00e3o do presidente, que suspendeu h\u00e1 quase seis meses o abastecimento do eixo Leste, em Monteiro, no Cariri.<\/p>\n\n\n\n<p>\u201cJ\u00e1 est\u00e1 pronta uma representa\u00e7\u00e3o no sentido de cobrar medidas imediatas para que o governo Federal retome o bombeamento das \u00e1guas. \u00c9 preciso fazer imediatamente isso, porque o munic\u00edpio de Monteiro j\u00e1 est\u00e1 em racionamento e todos os a\u00e7udes da regi\u00e3o como Sum\u00e9, Congo e Po\u00e7\u00f5es est\u00e3o no volume morto. \u00c9 preciso que essa \u00e1gua volte a chegar na Para\u00edba para que a gente retire o fantasma do racionamento e a popula\u00e7\u00e3o volte a ter \u00e1gua em sua porta\u201d, enfatizou Ricardo.<\/p>\n\n\n\n<p>Durante o discurso, ele leu uma carta enviada pelo ex-presidente Lula colocando a inaugura\u00e7\u00e3o popular da Transposi\u00e7\u00e3o em 2017 como um dos momentos mais felizes de sua vida.<\/p>\n\n\n\n<p>\u201cA oportunidade que me foi dada pelo povo brasileiro de governar esse pa\u00eds fez de mim um homem feliz. Voc\u00eas nem imaginam a alegria que eu sentia quando assinava um decreto para beneficiar milh\u00f5es de pessoas ou quando visitava uma obra, inaugurava uma universidade\u2026 poucas coisas me fizeram mais feliz como tirar do papel um sonho de gera\u00e7\u00f5es, tirar do papel a transposi\u00e7\u00e3o\u201d, relembrou Ricardo o discurso do Lula.<\/p>\n\n\n\n<p>O ex-prefeito de S\u00e3o Paulo e ex-candidato a presidente da Rep\u00fablica, Fernando Haddad, disse que o que est\u00e1 ocorrendo com a Transposi\u00e7\u00e3o do Rio S\u00e3o Francisco \u00e9 um crime ambiental, assim como ocorre na Amaz\u00f4nia.<\/p>\n\n\n\n<p>\u201cAo manter o canal seis meses sem \u00e1gua, como faz Bolsonaro, o mesmo vai se deteriorar e ter\u00e1 que ser refeito devido aos efeitos de diferen\u00e7a de temperatura. \u00c9 um absurdo o que Bolsonaro est\u00e1 fazendo com povo e estamos com o povo exigindo que volte irrigar o canal para penerizar os rios e a\u00e7udes. Estivemos aqui h\u00e1 dois anos para inaugurar a obra da Transposi\u00e7\u00e3o e v\u00ea-la abandonada \u00e9 uma tristeza e demonstra o desprezo de Bolsonaro a Para\u00edba, Pernambuco, Rio Grande do Norte e o povo do Nordeste\u201d, falou.<\/p>\n\n\n\n<p><strong>Legado \u2013&nbsp;<\/strong>Para a vice-governadora de Pernambuco e presidente nacional do PCdoB, Luciana Santos, a Transposi\u00e7\u00e3o do Rio S\u00e3o Francisco \u00e9 o maior legado do ex-presidente Lula, que, segundo ela, est\u00e1 sendo injusti\u00e7ado com uma pris\u00e3o pol\u00edtica.<\/p>\n\n\n\n<p>\u201c\u00c9 preciso que os movimentos sociais e o povo se organizem para que este governo Federal possa se sensibilizar contra o abandono da maior obra h\u00eddrica do Nordeste que garantir\u00e1 \u00e1gua para mais de 12 milh\u00f5es de nordestinos\u201d, ressaltou.<\/p>\n\n\n\n<p>O senador Veneziano Vital (PSB-PB) destacou que, como parlamentar e como campinense, sente os reflexos da situa\u00e7\u00e3o da Transposi\u00e7\u00e3o e que este grito \u00e9 um alerta para que o governo federal entenda a import\u00e2ncia da retomada do bombeamento das \u00e1guas da Transposi\u00e7\u00e3o no eixo Leste.<\/p>\n\n\n\n<p>\u201c\u00c9 preciso que o governo federal se sensibilize com uma situa\u00e7\u00e3o t\u00e3o grave que \u00e9 a volta do racionamento em Campina Grande e nas cidades do Cariri e que o sertanejo tamb\u00e9m tenha direito a essa obra de fundamental import\u00e2ncia para a seguran\u00e7a h\u00eddrica do nosso povo\u201d, completou.<\/p>\n\n\n\n<p><strong>Carreatas \u2013<\/strong>&nbsp;As ruas do munic\u00edpio de Monteiro foram tomadas, neste domingo, por uma multid\u00e3o num s\u00f3 grito \u201cSOS Transposi\u00e7\u00e3o\u201d. A popula\u00e7\u00e3o saiu da esta\u00e7\u00e3o de bombeamento, na entrada de Monteiro, e seguiu em caminhada para protestar contra a paralisa\u00e7\u00e3o do bombeamento das \u00e1guas da Transposi\u00e7\u00e3o e o abandono da obra do eixo Norte, que encontra-se parada desde o in\u00edcio do atual governo.<\/p>\n\n\n\n<p>Dezenas de lideran\u00e7as nacionais e da Para\u00edba participaram do ato SOS Transposi\u00e7\u00e3o, como o ex-candidato a presidente da Rep\u00fablica, Fernando Haddad, a presidente nacional do PT e deputada federal Gleisi Hoffman, e a vice governadora de Pernambuco e presidente nacional do PCdoB, Luciana Santos.<\/p>\n\n\n\n<p>Os senadores Humberto Costa (PT) e Veneziano Vital (PSB), os deputados federais Gerv\u00e1sio Maia, Dami\u00e3o Feliciano, Frei Anast\u00e1cio, Nat\u00e1lia Bonavides, Jo\u00e3o Campos (PE) e Gonzaga Patriota (PE) foram outros pol\u00edticos presentes. As deputadas estaduais Cida Ramos, Estela Bezerra e os deputados Buba Germano, Jeov\u00e1 Campos, Chi\u00f3, An\u00edzio Maia, Francisco do PT (RN) e dezenas de prefeitos das regi\u00f5es do Cariri e Serid\u00f3 tamb\u00e9m estiveram protestando.<\/p>\n\n\n\n<p><strong>Cidad\u00e3o \u2013&nbsp;<\/strong>N\u00e3o foi s\u00f3 pol\u00edtoco e artista que protestaram em Monteiro pela volta das \u00e1guas do Rio S\u00e3o Francisco. Os moradores da cidade estiveram no Ato e disseram que n\u00e3o aguentam mais viver sem \u00e1gua. O t\u00e9cnico de internet a e morador de Monteiro, Eduardo Gomes, disse que sente uma tristeza quando chega na esta\u00e7\u00e3o das \u00e1guas de Monteiro e ver a \u00e1gua parada, quando passaram mais de um ano usufruindo das \u00e1guas da Transposi\u00e7\u00e3o nas torneiras das casas.<\/p>\n\n\n\n<p>\u201cInfelizmente o racionamento de \u00e1gua voltou aqui em Monteiro, inclusive na cidade. Isso prejudica muito o povo e o com\u00e9rcio. \u00c9 preciso lutar por essa obra importante tocada pelo presidente Lula, mas que pertence ao povo\u201d, pontuou.<\/p>\n\n\n\n<p><strong>T\u00e9cnica \u2013&nbsp;<\/strong>O ge\u00f3grafo e professor do IFPB, Ericson Torres, explicou que h\u00e1 mais de um ano que a Transposi\u00e7\u00e3o vinha abastecendo os munic\u00edpios do Cariri e de Campina Grande, que voltam a depender dos a\u00e7udes em n\u00edvel cr\u00edtico de volume. \u201cAgora, infelizmente, encontramos o canal sem manuten\u00e7\u00e3o, sem \u00e1gua, o que prejudica as pessoas da cidade e do campo, que utilizavam essa \u00e1gua para irriga\u00e7\u00e3o\u201d, ressaltou.<\/p>\n\n\n\n<p>Ericson explicou que a falta de manuten\u00e7\u00e3o dos canais da Transposi\u00e7\u00e3o pode inviabilizar uma obra que beneficia mais de 12 milh\u00f5es de nordestinos com seguran\u00e7a h\u00eddrica. \u201cN\u00f3s estamos a 600 metros de altitude na regi\u00e3o do semi\u00e1rido, que tem temperaturas muito altas durante o dia e muito baixas \u00e0 noite. Uma oscila\u00e7\u00e3o t\u00e9rmica de 10 graus que provoca dilata\u00e7\u00e3o nas rochas e gera um processo de fraturas do canal\u201d, finalizou, explicando o que pode acontecer.<\/p>\n","protected":false},"excerpt":{"rendered":"<p>O ex-governador Ricardo Coutinho (PSB) anunciou neste domingo (1\u00ba), durante discurso no ato \u2018SOS Transposi\u00e7\u00e3o\u2019, que entrar\u00e1 com uma representa\u00e7\u00e3o no Minist\u00e9rio P\u00fablico Federal (MPF)&hellip; <\/p>\n","protected":false},"author":1,"featured_media":90014,"comment_status":"closed","ping_status":"closed","sticky":false,"template":"","format":"standard","meta":{"sfsi_plus_gutenberg_text_before_share":"","sfsi_plus_gutenberg_show_text_before_share":"","sfsi_plus_gutenberg_icon_type":"","sfsi_plus_gutenberg_icon_alignemt":"","sfsi_plus_gutenburg_max_per_row":"","footnotes":""},"categories":[11],"tags":[],"class_list":["post-113492","post","type-post","status-publish","format-standard","has-post-thumbnail","hentry","category-politica"],"_links":{"self":[{"href":"https:\/\/www.caririemacao.com\/1\/wp-json\/wp\/v2\/posts\/113492","targetHints":{"allow":["GET"]}}],"collection":[{"href":"https:\/\/www.caririemacao.com\/1\/wp-json\/wp\/v2\/posts"}],"about":[{"href":"https:\/\/www.caririemacao.com\/1\/wp-json\/wp\/v2\/types\/post"}],"author":[{"embeddable":true,"href":"https:\/\/www.caririemacao.com\/1\/wp-json\/wp\/v2\/users\/1"}],"replies":[{"embeddable":true,"href":"https:\/\/www.caririemacao.com\/1\/wp-json\/wp\/v2\/comments?post=113492"}],"version-history":[{"count":1,"href":"https:\/\/www.caririemacao.com\/1\/wp-json\/wp\/v2\/posts\/113492\/revisions"}],"predecessor-version":[{"id":113494,"href":"https:\/\/www.caririemacao.com\/1\/wp-json\/wp\/v2\/posts\/113492\/revisions\/113494"}],"wp:featuredmedia":[{"embeddable":true,"href":"https:\/\/www.caririemacao.com\/1\/wp-json\/wp\/v2\/media\/90014"}],"wp:attachment":[{"href":"https:\/\/www.caririemacao.com\/1\/wp-json\/wp\/v2\/media?parent=113492"}],"wp:term":[{"taxonomy":"category","embeddable":true,"href":"https:\/\/www.caririemacao.com\/1\/wp-json\/wp\/v2\/categories?post=113492"},{"taxonomy":"post_tag","embeddable":true,"href":"https:\/\/www.caririemacao.com\/1\/wp-json\/wp\/v2\/tags?post=113492"}],"curies":[{"name":"wp","href":"https:\/\/api.w.org\/{rel}","templated":true}]}}