{"id":113502,"date":"2019-09-02T16:12:34","date_gmt":"2019-09-02T19:12:34","guid":{"rendered":"http:\/\/www.caririemacao.com\/1\/?p=113502"},"modified":"2019-09-02T16:12:34","modified_gmt":"2019-09-02T19:12:34","slug":"educacao-empreendedora-projetos-fortalecem-autoestima-dos-estudantes","status":"publish","type":"post","link":"https:\/\/www.caririemacao.com\/1\/2019\/09\/02\/educacao-empreendedora-projetos-fortalecem-autoestima-dos-estudantes\/","title":{"rendered":"Educa\u00e7\u00e3o empreendedora: projetos fortalecem autoestima dos estudantes"},"content":{"rendered":"\n<p>Uma ideia, muita for\u00e7a de vontade e uma pitada de resili\u00eancia. Essa \u00e9 a receita que os educadores vencedores do primeiro Pr\u00eamio Sebrae de Educa\u00e7\u00e3o Empreendedora, cuja cerim\u00f4nia estadual foi realizada na \u00faltima ter\u00e7a-feira (11), utilizaram para disseminar a cultura do empreendedorismo junto aos seus estudantes.<\/p>\n\n\n\n<p>Seja por meio de desafios, festival ou mostra, o resultado n\u00e3o poderia ter sido diferente: a boa pr\u00e1tica rendeu, al\u00e9m de pr\u00eamios e reconhecimento, a certeza de que o empreendedorismo carrega em si o futuro da inova\u00e7\u00e3o.<\/p>\n\n\n\n<p>No Ensino Fundamental, a iniciativa vencedora foi a desenvolvida na Escola Agrot\u00e9cnica de Sum\u00e9. De acordo com o Secret\u00e1rio Municipal de Educa\u00e7\u00e3o de Sum\u00e9, Odilon Ara\u00fajo, o projeto nasceu dentro da escola com o prop\u00f3sito de mudar a realidade dos alunos, oriundos da zona rural, por meio do aproveitamento do umbu, fruta abundante na regi\u00e3o. Foi assim que surgiu o Umbu Fest, h\u00e1 nove anos, que logo tomou toda a cidade e se transformou no Festival do Umbu.<\/p>\n\n\n\n<p>\u201cO umbu antes era descartado e, agora, os alunos trazem para a escola, processam o fruto, produzem polpa, compota, pasteis, sucos e vitaminas para vender durante o festival, que dura uma semana. Realizamos entre abril e maio que \u00e9 depois do per\u00edodo de chuvas e quando o fruto come\u00e7a a surgir. O festival veio para mostrar a potencialidade da regi\u00e3o\u201d, destacou.<\/p>\n\n\n\n<p>J\u00e1 os estudantes da Escola Virgem de Lourdes, em Campina Grande, participam do projeto \u201cDesafio Lourdinas de Empreendedorismo e Inova\u00e7\u00e3o\u201d, que venceu na categoria do Ensino M\u00e9dio e \u00e9 iniciativa do supervisor de tecnologia e ensino da educa\u00e7\u00e3o empreendedora Vicente de Paulo Albuquerque.<\/p>\n\n\n\n<p>\u201cJ\u00e1 estamos na quarta vers\u00e3o do projeto, no qual os alunos formam equipes para criar uma solu\u00e7\u00e3o inovadora para um dado problema do munic\u00edpio ou regi\u00e3o. No ano passado, eles tinham de resolver o problema da desigualdade social, que \u00e9 o d\u00e9cimo objetivo de desenvolvimento sustent\u00e1vel (ODS). As duas equipes vencedoras criaram as seguintes solu\u00e7\u00f5es: uma desenvolveu um biscoito da casca de banana, para que as produtoras do doce da fruta aproveitassem tamb\u00e9m a casca e lucrassem com isso. O biscoito \u00e9 nutritivo e saboroso. J\u00e1 a segunda equipe criou produtos de beleza, como xampus e cremes, com produtos naturais\u201d, explicou.<\/p>\n\n\n\n<figure class=\"wp-block-image\"><img decoding=\"async\" data-src=\"https:\/\/paraibaonline.com.br\/wp-content\/uploads\/2019\/06\/PROJETO-EMPREENDEDOR1-556x417.jpg\" alt=\"Foto: Ascom\" class=\"wp-image-744099 lazyload\" src=\"data:image\/svg+xml;base64,PHN2ZyB3aWR0aD0iMSIgaGVpZ2h0PSIxIiB4bWxucz0iaHR0cDovL3d3dy53My5vcmcvMjAwMC9zdmciPjwvc3ZnPg==\" style=\"--smush-placeholder-width: 556px; --smush-placeholder-aspect-ratio: 556\/417;\" \/><\/figure>\n\n\n\n<p>Foto: Ascom<\/p>\n\n\n\n<p>Para os estudantes do curso de Gastronomia da Universidade Federal da Para\u00edba (UFPB), sob o comando da professora Maria dos Rem\u00e9dios, um momento bastante esperado \u00e9 o da Mostra de Empreendedores na Gastronomia, realizada ao fim da disciplina que ela ministra. Os alunos t\u00eam a oportunidade de criarem um plano de neg\u00f3cios, al\u00e9m de montar a estrutura da empresa, com os produtos e servi\u00e7os que ser\u00e3o levados \u00e0 mostra.<\/p>\n\n\n\n<p>\u201cTamb\u00e9m convido empres\u00e1rios do setor para falarem sobre suas experi\u00eancias, promovendo essa troca de informa\u00e7\u00f5es. Eles avaliam as potencialidades dos alunos e se colocam como \u2018investidores\u2019. Os tr\u00eas projetos que receberem mais investimentos ganham a mostra. Mesmo n\u00e3o sendo f\u00e1cil, n\u00e3o desisto de promover essa mostra entre os alunos porque sei da import\u00e2ncia que \u00e9 incentivar o empreendedorismo e como os alunos e o mercado reagem a essa a\u00e7\u00e3o\u201d, afirmou.<\/p>\n\n\n\n<p>O Pr\u00eamio \u2013 O Pr\u00eamio Sebrae de Educa\u00e7\u00e3o Empreendedora est\u00e1 em sua primeira edi\u00e7\u00e3o e teve, na Para\u00edba, um total de 14 inscri\u00e7\u00f5es nas categorias Ensino Fundamental, M\u00e9dio e Superior. Durante a cerim\u00f4nia de premia\u00e7\u00e3o, todos os projetos da etapa estadual foram reconhecidos.<\/p>\n\n\n\n<p>O pr\u00eamio, que teve apoio t\u00e9cnico da Funda\u00e7\u00e3o Nacional de Qualidade (FNQ), foi concebido com o objetivo de identificar, estimular, reconhecer e divulgar as melhores pr\u00e1ticas da educa\u00e7\u00e3o empreendedora no Brasil.<\/p>\n\n\n\n<p>\u201cO Sebrae Para\u00edba reconhece a import\u00e2ncia de disseminar a cultura empreendedora desde cedo nas escolas para que as crian\u00e7as e jovens se tornem os protagonistas de sua pr\u00f3pria hist\u00f3ria\u201d, afirmou a gestora do programa de educa\u00e7\u00e3o empreendedora da institui\u00e7\u00e3o, Nelijane Ricarte.<\/p>\n\n\n\n<p>Para\u00edba Online<\/p>\n","protected":false},"excerpt":{"rendered":"<p>Uma ideia, muita for\u00e7a de vontade e uma pitada de resili\u00eancia. Essa \u00e9 a receita que os educadores vencedores do primeiro Pr\u00eamio Sebrae de Educa\u00e7\u00e3o&hellip; <\/p>\n","protected":false},"author":1,"featured_media":113504,"comment_status":"closed","ping_status":"closed","sticky":false,"template":"","format":"standard","meta":{"sfsi_plus_gutenberg_text_before_share":"","sfsi_plus_gutenberg_show_text_before_share":"","sfsi_plus_gutenberg_icon_type":"","sfsi_plus_gutenberg_icon_alignemt":"","sfsi_plus_gutenburg_max_per_row":"","footnotes":""},"categories":[50,14],"tags":[],"class_list":["post-113502","post","type-post","status-publish","format-standard","has-post-thumbnail","hentry","category-destaque","category-educacao"],"_links":{"self":[{"href":"https:\/\/www.caririemacao.com\/1\/wp-json\/wp\/v2\/posts\/113502","targetHints":{"allow":["GET"]}}],"collection":[{"href":"https:\/\/www.caririemacao.com\/1\/wp-json\/wp\/v2\/posts"}],"about":[{"href":"https:\/\/www.caririemacao.com\/1\/wp-json\/wp\/v2\/types\/post"}],"author":[{"embeddable":true,"href":"https:\/\/www.caririemacao.com\/1\/wp-json\/wp\/v2\/users\/1"}],"replies":[{"embeddable":true,"href":"https:\/\/www.caririemacao.com\/1\/wp-json\/wp\/v2\/comments?post=113502"}],"version-history":[{"count":1,"href":"https:\/\/www.caririemacao.com\/1\/wp-json\/wp\/v2\/posts\/113502\/revisions"}],"predecessor-version":[{"id":113505,"href":"https:\/\/www.caririemacao.com\/1\/wp-json\/wp\/v2\/posts\/113502\/revisions\/113505"}],"wp:featuredmedia":[{"embeddable":true,"href":"https:\/\/www.caririemacao.com\/1\/wp-json\/wp\/v2\/media\/113504"}],"wp:attachment":[{"href":"https:\/\/www.caririemacao.com\/1\/wp-json\/wp\/v2\/media?parent=113502"}],"wp:term":[{"taxonomy":"category","embeddable":true,"href":"https:\/\/www.caririemacao.com\/1\/wp-json\/wp\/v2\/categories?post=113502"},{"taxonomy":"post_tag","embeddable":true,"href":"https:\/\/www.caririemacao.com\/1\/wp-json\/wp\/v2\/tags?post=113502"}],"curies":[{"name":"wp","href":"https:\/\/api.w.org\/{rel}","templated":true}]}}