{"id":113514,"date":"2019-09-02T16:42:54","date_gmt":"2019-09-02T19:42:54","guid":{"rendered":"http:\/\/www.caririemacao.com\/1\/?p=113514"},"modified":"2019-09-02T16:42:54","modified_gmt":"2019-09-02T19:42:54","slug":"em-menos-de-24hrs-dois-jovens-tentam-suicidio-e-dao-entrada-no-hospital-de-serra-branca-um-deles-esta-em-estado-grave","status":"publish","type":"post","link":"https:\/\/www.caririemacao.com\/1\/2019\/09\/02\/em-menos-de-24hrs-dois-jovens-tentam-suicidio-e-dao-entrada-no-hospital-de-serra-branca-um-deles-esta-em-estado-grave\/","title":{"rendered":"Em menos de 24hrs, dois jovens tentam suic\u00eddio e d\u00e3o entrada no Hospital de Serra Branca; um deles est\u00e1 em estado grave"},"content":{"rendered":"\n<p>Um jovem identificado por Matheus Ramos de Farias, morador de S\u00e3o Jo\u00e3o do Cariri e com 24 anos de idade, tentou tirar a pr\u00f3pria vida no final da tarde deste domingo (01).<\/p>\n\n\n\n<p>O jovem s\u00e3ojoense teria ido visitar os seus familiares na comunidade de Po\u00e7o das Pedras, zona rural do munic\u00edpio, e no momento em que ficou s\u00f3 ingeriu veneno (inseticida) que \u00e9 usado no plantio de tomate.<\/p>\n\n\n\n<p>Momentos depois de ter ingerido o veneno, o jovem ficou em estado grave, dando tempo ainda de enviar uma mensagem para familiares que foram imediatamente ao local e prestaram socorro, levando-o para o Hospital Regional de Serra Branca.<\/p>\n\n\n\n<p>Matheus chegou muito mal, recebeu os primeiros socorros e foi levado \u00e0s pressas pela USA para o Hospital de Emerg\u00eancia e Trauma de Campina Grande. Segundo informa\u00e7\u00f5es atualizadas, o estado clinico do jovem s\u00e3ojoense ainda \u00e9 grave e ele se encontra na ala vermelha.<\/p>\n\n\n\n<p>O jovem j\u00e1 amea\u00e7ava h\u00e1 certo tempo tirar a vida e tinha crises semelhantes \u00e0 depress\u00e3o.<\/p>\n\n\n\n<p><strong>Em Cara\u00fabas<\/strong><\/p>\n\n\n\n<p>A onda suicida entre jovens \u00e9 preocupante e em apenas 24 horas dois casos foram registramos pelo Hospital de Serra Branca. O segundo caso ocorreu na manh\u00e3 desta segunda (02) e a v\u00edtima foi Edjane C\u00e1ssia dos Santos, de 21 anos.<\/p>\n\n\n\n<p>Segundo informa\u00e7\u00f5es de familiares, ela ingeriu algum tipo de veneno e fez cortes pelo corpo. Ela foi atendida no Hospital de Serra Branca, est\u00e1 em observa\u00e7\u00e3o, mas aparentemente fora de perigo segundo a unidade.<\/p>\n\n\n\n<p><strong>De Olho no Cariri<\/strong><\/p>\n","protected":false},"excerpt":{"rendered":"<p>Um jovem identificado por Matheus Ramos de Farias, morador de S\u00e3o Jo\u00e3o do Cariri e com 24 anos de idade, tentou tirar a pr\u00f3pria vida&hellip; <\/p>\n","protected":false},"author":1,"featured_media":113516,"comment_status":"closed","ping_status":"closed","sticky":false,"template":"","format":"standard","meta":{"sfsi_plus_gutenberg_text_before_share":"","sfsi_plus_gutenberg_show_text_before_share":"","sfsi_plus_gutenberg_icon_type":"","sfsi_plus_gutenberg_icon_alignemt":"","sfsi_plus_gutenburg_max_per_row":"","footnotes":""},"categories":[2],"tags":[],"class_list":["post-113514","post","type-post","status-publish","format-standard","has-post-thumbnail","hentry","category-geral"],"_links":{"self":[{"href":"https:\/\/www.caririemacao.com\/1\/wp-json\/wp\/v2\/posts\/113514","targetHints":{"allow":["GET"]}}],"collection":[{"href":"https:\/\/www.caririemacao.com\/1\/wp-json\/wp\/v2\/posts"}],"about":[{"href":"https:\/\/www.caririemacao.com\/1\/wp-json\/wp\/v2\/types\/post"}],"author":[{"embeddable":true,"href":"https:\/\/www.caririemacao.com\/1\/wp-json\/wp\/v2\/users\/1"}],"replies":[{"embeddable":true,"href":"https:\/\/www.caririemacao.com\/1\/wp-json\/wp\/v2\/comments?post=113514"}],"version-history":[{"count":1,"href":"https:\/\/www.caririemacao.com\/1\/wp-json\/wp\/v2\/posts\/113514\/revisions"}],"predecessor-version":[{"id":113517,"href":"https:\/\/www.caririemacao.com\/1\/wp-json\/wp\/v2\/posts\/113514\/revisions\/113517"}],"wp:featuredmedia":[{"embeddable":true,"href":"https:\/\/www.caririemacao.com\/1\/wp-json\/wp\/v2\/media\/113516"}],"wp:attachment":[{"href":"https:\/\/www.caririemacao.com\/1\/wp-json\/wp\/v2\/media?parent=113514"}],"wp:term":[{"taxonomy":"category","embeddable":true,"href":"https:\/\/www.caririemacao.com\/1\/wp-json\/wp\/v2\/categories?post=113514"},{"taxonomy":"post_tag","embeddable":true,"href":"https:\/\/www.caririemacao.com\/1\/wp-json\/wp\/v2\/tags?post=113514"}],"curies":[{"name":"wp","href":"https:\/\/api.w.org\/{rel}","templated":true}]}}