{"id":113524,"date":"2019-09-02T22:20:32","date_gmt":"2019-09-03T01:20:32","guid":{"rendered":"http:\/\/www.caririemacao.com\/1\/?p=113524"},"modified":"2019-09-02T22:20:32","modified_gmt":"2019-09-03T01:20:32","slug":"acidente-e-registrado-proximo-ao-posto-bela-vista-em-monteiro","status":"publish","type":"post","link":"https:\/\/www.caririemacao.com\/1\/2019\/09\/02\/acidente-e-registrado-proximo-ao-posto-bela-vista-em-monteiro\/","title":{"rendered":"Acidente \u00e9 registrado pr\u00f3ximo ao Posto Bela Vista em Monteiro"},"content":{"rendered":"\n<p>Um acidente envolvendo duas motocicletas foi registrado no inicio da noite desta segunda-feira (02), no munic\u00edpio de Monteiro.<\/p>\n\n\n\n<p>Segundo informa\u00e7\u00f5es, duas motocicletas sendo uma Honda Biz e outra Honda Fan 125 se chocaram frontalmente pr\u00f3ximo ao posto de combust\u00edvel Bela Vista, ainda n\u00e3o se sabe o estado de sa\u00fade das vitimas nem o nome dos envolvidos.<\/p>\n\n\n\n<p>Uma equipe da Policia Militar e SAMU (Servi\u00e7o de Atendimento M\u00f3vel de Urg\u00eancia), foram chamadas ao local para prestas os primeiros socorros.<\/p>\n","protected":false},"excerpt":{"rendered":"<p>Um acidente envolvendo duas motocicletas foi registrado no inicio da noite desta segunda-feira (02), no munic\u00edpio de Monteiro. Segundo informa\u00e7\u00f5es, duas motocicletas sendo uma Honda&hellip; <\/p>\n","protected":false},"author":1,"featured_media":113526,"comment_status":"closed","ping_status":"closed","sticky":false,"template":"","format":"standard","meta":{"sfsi_plus_gutenberg_text_before_share":"","sfsi_plus_gutenberg_show_text_before_share":"","sfsi_plus_gutenberg_icon_type":"","sfsi_plus_gutenberg_icon_alignemt":"","sfsi_plus_gutenburg_max_per_row":"","footnotes":""},"categories":[50,12],"tags":[],"class_list":["post-113524","post","type-post","status-publish","format-standard","has-post-thumbnail","hentry","category-destaque","category-policia"],"_links":{"self":[{"href":"https:\/\/www.caririemacao.com\/1\/wp-json\/wp\/v2\/posts\/113524","targetHints":{"allow":["GET"]}}],"collection":[{"href":"https:\/\/www.caririemacao.com\/1\/wp-json\/wp\/v2\/posts"}],"about":[{"href":"https:\/\/www.caririemacao.com\/1\/wp-json\/wp\/v2\/types\/post"}],"author":[{"embeddable":true,"href":"https:\/\/www.caririemacao.com\/1\/wp-json\/wp\/v2\/users\/1"}],"replies":[{"embeddable":true,"href":"https:\/\/www.caririemacao.com\/1\/wp-json\/wp\/v2\/comments?post=113524"}],"version-history":[{"count":1,"href":"https:\/\/www.caririemacao.com\/1\/wp-json\/wp\/v2\/posts\/113524\/revisions"}],"predecessor-version":[{"id":113527,"href":"https:\/\/www.caririemacao.com\/1\/wp-json\/wp\/v2\/posts\/113524\/revisions\/113527"}],"wp:featuredmedia":[{"embeddable":true,"href":"https:\/\/www.caririemacao.com\/1\/wp-json\/wp\/v2\/media\/113526"}],"wp:attachment":[{"href":"https:\/\/www.caririemacao.com\/1\/wp-json\/wp\/v2\/media?parent=113524"}],"wp:term":[{"taxonomy":"category","embeddable":true,"href":"https:\/\/www.caririemacao.com\/1\/wp-json\/wp\/v2\/categories?post=113524"},{"taxonomy":"post_tag","embeddable":true,"href":"https:\/\/www.caririemacao.com\/1\/wp-json\/wp\/v2\/tags?post=113524"}],"curies":[{"name":"wp","href":"https:\/\/api.w.org\/{rel}","templated":true}]}}